{"id":7373,"date":"2026-09-03T14:18:08","date_gmt":"2026-09-03T11:18:08","guid":{"rendered":"https:\/\/isinolsun.com\/blog\/2027-resmi-tatil-takvimi-ve-tatil-gunleri\/"},"modified":"2026-09-03T14:57:17","modified_gmt":"2026-09-03T11:57:17","slug":"2027-resmi-tatil-takvimi-ve-tatil-gunleri","status":"publish","type":"post","link":"https:\/\/isinolsun.com\/blog\/2027-resmi-tatil-takvimi-ve-tatil-gunleri\/","title":{"rendered":"2027 Resmi Tatil Takvimi ve Tatil G\u00fcnleri"},"content":{"rendered":"\r\n\r\n\r\n<p class=\"wp-block-paragraph\">2027 y\u0131l\u0131, \u00e7al\u0131\u015fanlar i\u00e7in olduk\u00e7a verimli bir tatil takvimi sunuyor. Y\u0131lba\u015f\u0131 Cuma g\u00fcn\u00fcne denk gelirken, Ramazan Bayram\u0131 Mart ay\u0131nda, Kurban Bayram\u0131 ise May\u0131s sonunda yer al\u0131yor. Y\u0131ll\u0131k izinlerin do\u011fru planlanmas\u0131yla birka\u00e7 g\u00fcnl\u00fck izinle uzun tatil d\u00f6nemleri elde etmek m\u00fcmk\u00fcn. Bu rehber, 2027 resmi tatil takvimi \u00fczerinden hem \u00e7al\u0131\u015fanlar\u0131n hem i\u015fverenlerin y\u0131l\u0131 \u00f6nceden planlamas\u0131na yard\u0131mc\u0131 olacak ayr\u0131nt\u0131lar\u0131 sunuyor. Tatil g\u00fcnlerini ak\u0131ll\u0131ca de\u011ferlendirmek isteyenler i\u00e7in pratik \u00f6neriler de i\u00e7eriyor.<\/p>\r\n\r\n\r\n\r\n<h2 class=\"wp-block-heading\">2027 Resmi Tatil G\u00fcnleri Nelerdir?<\/h2>\r\n\r\n\r\n\r\n<p class=\"wp-block-paragraph\">2027 y\u0131l\u0131nda resmi tatil g\u00fcnleri \u015fu \u015fekilde belirlenmi\u015ftir: 1 Ocak Cuma Y\u0131lba\u015f\u0131, 23 Nisan Cuma Ulusal Egemenlik ve \u00c7ocuk Bayram\u0131, 1 May\u0131s Cumartesi Emek ve Dayan\u0131\u015fma G\u00fcn\u00fc, 19 May\u0131s \u00c7ar\u015famba Atat\u00fcrk&#8217;\u00fc Anma, Gen\u00e7lik ve Spor Bayram\u0131, 15 Temmuz Per\u015fembe Demokrasi ve Milli Birlik G\u00fcn\u00fc, 30 A\u011fustos Pazartesi Zafer Bayram\u0131 ve 29 Ekim Cuma Cumhuriyet Bayram\u0131. Dini bayramlar ise 9-10-11 Mart tarihlerinde Ramazan Bayram\u0131, ilerleyen aylarda ise Kurban Bayram\u0131 olarak takvimde yerini al\u0131yor. Bu tarihler, \u00e7al\u0131\u015fanlar\u0131n y\u0131ll\u0131k izin planlamas\u0131n\u0131 do\u011frudan etkileyen kritik g\u00fcnler aras\u0131nda yer al\u0131yor. Hafta i\u00e7i veya hafta sonuna denk gelen tatiller, uzun tatil f\u0131rsatlar\u0131 a\u00e7\u0131s\u0131ndan farkl\u0131 avantajlar sunuyor.<\/p>\r\n\r\n\r\n\r\n<h2 class=\"wp-block-heading\">Ramazan Bayram\u0131 2027 Ne Zaman?<\/h2>\r\n\r\n\r\n\r\n<p class=\"wp-block-paragraph\">Ramazan Bayram\u0131 2027 y\u0131l\u0131nda 9 Mart Sal\u0131, 10 Mart \u00c7ar\u015famba ve 11 Mart Per\u015fembe g\u00fcnlerinde kutlanacak. Arife g\u00fcn\u00fc ise 8 Mart Pazartesi tarihine denk geliyor ve yar\u0131m g\u00fcn tatil kapsam\u0131nda de\u011ferlendiriliyor. Bu yap\u0131, \u00e7al\u0131\u015fanlara ciddi bir avantaj tan\u0131yor. 12 Mart Cuma g\u00fcn\u00fc i\u00e7in tek g\u00fcn y\u0131ll\u0131k izin kullanan bir \u00e7al\u0131\u015fan, 6-7 Mart hafta sonuyla birlikte toplam dokuz g\u00fcnl\u00fck kesintisiz bir tatil d\u00f6nemi elde edebiliyor. Kamu kurumlar\u0131nda arife g\u00fcn\u00fc \u00f6\u011fleden sonra mesai yap\u0131lm\u0131yor; \u00f6zel sekt\u00f6rde ise uygulama i\u015fverenin inisiyatifine b\u0131rak\u0131l\u0131yor. Bayram tatilinin hafta ortas\u0131na denk gelmesi, seyahat planlar\u0131n\u0131 \u00f6nceden yapmay\u0131 tercih edenler i\u00e7in erken rezervasyon avantaj\u0131 sa\u011fl\u0131yor.<\/p>\r\n\r\n\r\n\r\n<h2 class=\"wp-block-heading\">Kurban Bayram\u0131 2027 Tarihleri ve Planlar\u0131<\/h2>\r\n\r\n\r\n\r\n<p class=\"wp-block-paragraph\">Kurban Bayram\u0131 2027 y\u0131l\u0131nda May\u0131s ay\u0131n\u0131n son haftas\u0131nda ba\u015fl\u0131yor ve d\u00f6rt g\u00fcn s\u00fcr\u00fcyor. Arife g\u00fcn\u00fcyle birlikte tatil s\u00fcresi be\u015f g\u00fcne uzuyor. Bayram\u0131n 19 May\u0131s Atat\u00fcrk&#8217;\u00fc Anma, Gen\u00e7lik ve Spor Bayram\u0131 ile ayn\u0131 haftaya yak\u0131n konumlanmas\u0131, ilave izin g\u00fcnleriyle iki haftaya varan bir tatil imkan\u0131 sunuyor. Kurban ibadetini yerine getirecek olanlar\u0131n bayram\u0131n ilk g\u00fcn\u00fc i\u00e7in haz\u0131rl\u0131klar\u0131n\u0131 erken tamamlamas\u0131, seyahat plan\u0131 yapanlar\u0131n ise otel ve ula\u015f\u0131m rezervasyonlar\u0131n\u0131 aylar \u00f6ncesinden yapmas\u0131 yararl\u0131 olacakt\u0131r. \u00d6zellikle yurt i\u00e7i tatil b\u00f6lgelerinde yo\u011funluk art\u0131\u015f\u0131, \u00f6nceden planlama yapmay\u0131 zorunlu k\u0131l\u0131yor. \u0130\u015fverenler a\u00e7\u0131s\u0131ndan da bu d\u00f6nem, vardiya ve n\u00f6bet \u00e7izelgelerinin \u00f6nceden d\u00fczenlenmesini gerektiren kritik bir zaman dilimini kaps\u0131yor.<\/p>\r\n\r\n\r\n\r\n<h2 class=\"wp-block-heading\">23 Nisan ve 19 May\u0131s Tatillerini Nas\u0131l De\u011ferlendirebilirsiniz?<\/h2>\r\n\r\n\r\n\r\n<p class=\"wp-block-paragraph\">23 Nisan 2027 Cuma g\u00fcn\u00fcne denk geldi\u011fi i\u00e7in \u00fc\u00e7 g\u00fcnl\u00fck bir hafta sonu tatili do\u011frudan elde ediliyor. 19 May\u0131s ise \u00c7ar\u015famba g\u00fcn\u00fcne rastlad\u0131\u011f\u0131ndan, 20-21 May\u0131s i\u00e7in iki g\u00fcn y\u0131ll\u0131k izin kullanan bir \u00e7al\u0131\u015fan, 22-23 May\u0131s hafta sonuyla birlikte be\u015f g\u00fcnl\u00fck kesintisiz bir tatil planlayabiliyor. Bu iki bayram aras\u0131ndaki d\u00f6nem, bahar aylar\u0131n\u0131n en verimli tatil f\u0131rsatlar\u0131n\u0131 sunuyor. K\u0131sa \u015fehir ka\u00e7amaklar\u0131, deniz kenar\u0131ndaki tatil b\u00f6lgelerine erken sezon ziyaretleri veya do\u011fa y\u00fcr\u00fcy\u00fc\u015fleri i\u00e7in ideal bir zaman dilimi olu\u015fuyor. Y\u0131ll\u0131k izin bakiyesini y\u0131l\u0131n ilk yar\u0131s\u0131nda t\u00fcketmek istemeyenler i\u00e7in ise bu bayramlar tek ba\u015f\u0131na bile keyifli bir mola yarat\u0131yor.<\/p>\r\n\r\n\r\n\r\n<h2 class=\"wp-block-heading\">Az \u0130zinle \u00c7ok Tatil Yapman\u0131n Yollar\u0131<\/h2>\r\n\r\n\r\n\r\n<p class=\"wp-block-paragraph\">2027 y\u0131l\u0131, stratejik izin kullan\u0131m\u0131yla uzun tatil d\u00f6nemleri yaratmak isteyenler i\u00e7in elveri\u015fli bir takvim sunuyor. Ramazan Bayram\u0131 sonras\u0131nda 12 Mart Cuma i\u00e7in bir g\u00fcn izin, dokuz g\u00fcnl\u00fck tatil demek. 30 A\u011fustos Pazartesi Zafer Bayram\u0131, \u00f6ncesindeki hafta sonuyla \u00fc\u00e7 g\u00fcnl\u00fck bir tatil olu\u015ftururken 31 A\u011fustos-3 Eyl\u00fcl aras\u0131 d\u00f6rt g\u00fcn izin eklendi\u011finde tatil dokuz g\u00fcne uzuyor. 29 Ekim Cuma Cumhuriyet Bayram\u0131 da hafta sonuyla birle\u015ferek \u00fc\u00e7 g\u00fcnl\u00fck do\u011fal bir tatil yarat\u0131yor. Y\u0131ll\u0131k izinlerin y\u0131l ba\u015f\u0131nda planlanmas\u0131, hem seyahat maliyetlerini d\u00fc\u015f\u00fcr\u00fcyor hem de i\u015f yerindeki i\u015f y\u00fck\u00fcn\u00fcn \u00f6nceden da\u011f\u0131t\u0131lmas\u0131n\u0131 sa\u011fl\u0131yor. Kariyer planlamas\u0131 ve i\u015f f\u0131rsatlar\u0131n\u0131 takip etmek isteyenler i\u00e7in \u0130\u015fin Olsun \u00fczerindeki g\u00fcncel i\u015f ilanlar\u0131 sayfas\u0131n\u0131 incelemek de yararl\u0131 olacakt\u0131r.<\/p>\r\n\r\n\r\n\r\n<h2 class=\"wp-block-heading\">Frequently Asked Questions<\/h2>\r\n\r\n\r\n\r\n<h3 class=\"wp-block-heading\">2027 Ramazan Bayram\u0131 ne zaman ba\u015fl\u0131yor?<\/h3>\r\n\r\n\r\n\r\n<p class=\"wp-block-paragraph\">Ramazan Bayram\u0131, 8 Mart Pazartesi g\u00fcn\u00fc yar\u0131m g\u00fcn arife ile ba\u015flar ve 9-10-11 Mart 2027 tarihlerinde kutlan\u0131r.<\/p>\r\n\r\n\r\n\r\n<h3 class=\"wp-block-heading\">2027&#8217;de 29 Ekim hangi g\u00fcne denk geliyor?<\/h3>\r\n\r\n\r\n\r\n<p class=\"wp-block-paragraph\">29 Ekim Cumhuriyet Bayram\u0131 Cuma g\u00fcn\u00fcne denk gelmektedir ve hafta sonu tatiliyle birle\u015ferek 3 g\u00fcnl\u00fck kesintisiz tatil sunar.<\/p>\r\n\r\n\r\n\r\n<h3 class=\"wp-block-heading\">Ramazan Bayram\u0131&#8217;nda 9 g\u00fcnl\u00fck tatil nas\u0131l yap\u0131l\u0131r?<\/h3>\r\n\r\n\r\n\r\n<p class=\"wp-block-paragraph\">12 Mart Cuma g\u00fcn\u00fc i\u00e7in 1 g\u00fcn y\u0131ll\u0131k izin kullanarak, hafta sonu tatilleriyle birlikte toplam 9 g\u00fcn kesintisiz tatil yapabilirsiniz.<\/p>\r\n\r\n\r\n\r\n<h3 class=\"wp-block-heading\">2027 Kurban Bayram\u0131 hangi d\u00f6nemde kutlanacak?<\/h3>\r\n\r\n\r\n\r\n<p class=\"wp-block-paragraph\">Kurban Bayram\u0131 2027 y\u0131l\u0131nda May\u0131s ay\u0131n\u0131n son haftas\u0131nda ba\u015flay\u0131p Haziran ay\u0131n\u0131n ilk g\u00fcnlerine kadar s\u00fcrecek \u015fekilde kutlanacakt\u0131r.<\/p>\r\n\r\n\r\n\r\n<h3 class=\"wp-block-heading\">19 May\u0131s 2027 tatilini nas\u0131l uzatabilirim?<\/h3>\r\n\r\n\r\n\r\n<p class=\"wp-block-paragraph\">19 May\u0131s \u00c7ar\u015famba g\u00fcn\u00fcne denk geldi\u011fi i\u00e7in Per\u015fembe ve Cuma g\u00fcnleri izin alarak tatilinizi 5 g\u00fcne \u00e7\u0131karabilirsiniz.<\/p>\r\n\r\n\r\n\r\n<h3 class=\"wp-block-heading\">2027 y\u0131l\u0131nda hafta sonuna denk gelen resmi tatiller hangileridir?<\/h3>\r\n\r\n\r\n\r\n<p class=\"wp-block-paragraph\">2027 y\u0131l\u0131nda sadece 1 May\u0131s Emek ve Dayan\u0131\u015fma G\u00fcn\u00fc Cumartesi g\u00fcn\u00fcne denk gelerek hafta sonuyla \u00e7ak\u0131\u015fmaktad\u0131r.<\/p>\r\n\r\n\r\n\r\n<h3 class=\"wp-block-heading\">2027 Y\u0131l\u0131 Resmi Tatil \u0130zin Planlama \u00d6nerileri<\/h3>\r\n\r\n\r\n\r\n<figure class=\"wp-block-table\">\r\n<table>\r\n<thead>\r\n<tr>\r\n<th>Tatil Ad\u0131<\/th>\r\n<th>G\u00fcn<\/th>\r\n<th>\u00d6nerilen \u0130zin S\u00fcresi<\/th>\r\n<th>Toplam Tatil S\u00fcresi<\/th>\r\n<\/tr>\r\n<\/thead>\r\n<tbody>\r\n<tr>\r\n<td>Y\u0131lba\u015f\u0131<\/td>\r\n<td>Cuma<\/td>\r\n<td>\u0130zin gerekmiyor<\/td>\r\n<td>3 G\u00fcn<\/td>\r\n<\/tr>\r\n<tr>\r\n<td>23 Nisan<\/td>\r\n<td>Cuma<\/td>\r\n<td>\u0130zin gerekmiyor<\/td>\r\n<td>3 G\u00fcn<\/td>\r\n<\/tr>\r\n<tr>\r\n<td>Ramazan Bayram\u0131<\/td>\r\n<td>Sal\u0131 &#8211; Per\u015fembe<\/td>\r\n<td>1 G\u00fcn (Cuma)<\/td>\r\n<td>9 G\u00fcn<\/td>\r\n<\/tr>\r\n<tr>\r\n<td>19 May\u0131s<\/td>\r\n<td>\u00c7ar\u015famba<\/td>\r\n<td>2 G\u00fcn (Per\u015fembe-Cuma)<\/td>\r\n<td>5 G\u00fcn<\/td>\r\n<\/tr>\r\n<tr>\r\n<td>29 Ekim<\/td>\r\n<td>Cuma<\/td>\r\n<td>\u0130zin gerekmiyor<\/td>\r\n<td>3 G\u00fcn<\/td>\r\n<\/tr>\r\n<\/tbody>\r\n<\/table>\r\n<\/figure>\r\n\r\n\r\n\r\n<h3 class=\"wp-block-heading\">2027 Y\u0131l\u0131 Milli Bayramlar ve Takvim G\u00fcnleri<\/h3>\r\n\r\n\r\n\r\n<figure class=\"wp-block-table\">\r\n<table>\r\n<thead>\r\n<tr>\r\n<th>Milli Bayram<\/th>\r\n<th>Tarih<\/th>\r\n<th>G\u00fcn<\/th>\r\n<th>Tatil S\u00fcresi<\/th>\r\n<\/tr>\r\n<\/thead>\r\n<tbody>\r\n<tr>\r\n<td>23 Nisan Bayram\u0131<\/td>\r\n<td>23 Nisan 2027<\/td>\r\n<td>Cuma<\/td>\r\n<td>3 G\u00fcn (Hafta sonu dahil)<\/td>\r\n<\/tr>\r\n<tr>\r\n<td>19 May\u0131s Bayram\u0131<\/td>\r\n<td>19 May\u0131s 2027<\/td>\r\n<td>\u00c7ar\u015famba<\/td>\r\n<td>1 G\u00fcn<\/td>\r\n<\/tr>\r\n<tr>\r\n<td>15 Temmuz Demokrasi<\/td>\r\n<td>15 Temmuz 2027<\/td>\r\n<td>Per\u015fembe<\/td>\r\n<td>1 G\u00fcn<\/td>\r\n<\/tr>\r\n<tr>\r\n<td>30 A\u011fustos Zafer<\/td>\r\n<td>30 A\u011fustos 2027<\/td>\r\n<td>Pazartesi<\/td>\r\n<td>3 G\u00fcn (Hafta sonu dahil)<\/td>\r\n<\/tr>\r\n<tr>\r\n<td>29 Ekim Cumhuriyet<\/td>\r\n<td>29 Ekim 2027<\/td>\r\n<td>Cuma<\/td>\r\n<td>3 G\u00fcn (Hafta sonu dahil)<\/td>\r\n<\/tr>\r\n<\/tbody>\r\n<\/table>\r\n<\/figure>\r\n<!-- templates\/buttons-placeholder.php -->\n<div class=\"da-reactions-outer TpostID7373\">\n\t    <div class=\"da-reactions-data da-reactions-container-async center\"\n         data-type=\"post\"\n         data-id=\"7373\"\n         id=\"da-reactions-slot-post-7373\">\n        <div class=\"da-reactions-static\">\n\t\t\t<img src=\"https:\/\/isinolsun.com\/blog\/wp-content\/plugins\/da-reactions\/assets\/dist\/loading.svg\" alt=\"Loading spinner\" width=\"48\" height=\"48\" \/>\n        <\/div>\n    <\/div>\n<\/div>\n","protected":false},"excerpt":{"rendered":"<p>2027 y\u0131l\u0131, \u00e7al\u0131\u015fanlar i\u00e7in olduk\u00e7a verimli bir tatil takvimi sunuyor.<\/p>\n<!-- templates\/buttons-placeholder.php -->\n<div class=\"da-reactions-outer TpostID7373\">\n\t    <div class=\"da-reactions-data da-reactions-container-async center\"\n         data-type=\"post\"\n         data-id=\"7373\"\n         id=\"da-reactions-slot-post-7373\">\n        <div class=\"da-reactions-static\">\n\t\t\t<img src=\"https:\/\/isinolsun.com\/blog\/wp-content\/plugins\/da-reactions\/assets\/dist\/loading.svg\" alt=\"Loading spinner\" width=\"48\" height=\"48\" \/>\n        <\/div>\n    <\/div>\n<\/div>\n","protected":false},"author":4,"featured_media":7375,"comment_status":"closed","ping_status":"open","sticky":false,"template":"","format":"standard","meta":{"footnotes":""},"categories":[1],"tags":[],"class_list":["post-7373","post","type-post","status-publish","format-standard","has-post-thumbnail","category-genel"],"yoast_head":"<!-- This site is optimized with the Yoast SEO Premium plugin v28.3 (Yoast SEO v28.4) - https:\/\/yoast.com\/product\/yoast-seo-premium-wordpress\/ -->\n<title>2027 Resmi Tatil Takvimi ve Tatil G\u00fcnleri<\/title>\n<meta name=\"description\" content=\"2027 y\u0131l\u0131, \u00e7al\u0131\u015fanlar i\u00e7in olduk\u00e7a verimli bir tatil takvimi sunuyor. Detaylar i\u00e7in i\u00e7eri\u011fimizi ziyaret edin.\" \/>\n<meta name=\"robots\" content=\"index, follow, max-snippet:-1, max-image-preview:large, max-video-preview:-1\" \/>\n<link rel=\"canonical\" href=\"https:\/\/isinolsun.com\/blog\/2027-resmi-tatil-takvimi-ve-tatil-gunleri\/\" \/>\n<meta property=\"og:locale\" content=\"tr_TR\" \/>\n<meta property=\"og:type\" content=\"article\" \/>\n<meta property=\"og:title\" content=\"2027 Resmi Tatil Takvimi ve Tatil G\u00fcnleri\" \/>\n<meta property=\"og:description\" content=\"2027 y\u0131l\u0131, \u00e7al\u0131\u015fanlar i\u00e7in olduk\u00e7a verimli bir tatil takvimi sunuyor. Detaylar i\u00e7in i\u00e7eri\u011fimizi ziyaret edin.\" \/>\n<meta property=\"og:url\" content=\"https:\/\/isinolsun.com\/blog\/2027-resmi-tatil-takvimi-ve-tatil-gunleri\/\" \/>\n<meta property=\"og:site_name\" content=\"\u0130\u015fin Olsun | Blog\" \/>\n<meta property=\"article:published_time\" content=\"2026-09-03T11:18:08+00:00\" \/>\n<meta property=\"article:modified_time\" content=\"2026-09-03T11:57:17+00:00\" \/>\n<meta property=\"og:image\" content=\"https:\/\/isinolsun.com\/blog\/wp-content\/uploads\/2026\/09\/2027-resmi-tatil.png\" \/>\n\t<meta property=\"og:image:width\" content=\"1536\" \/>\n\t<meta property=\"og:image:height\" content=\"1024\" \/>\n\t<meta property=\"og:image:type\" content=\"image\/png\" \/>\n<meta name=\"author\" content=\"\u0130\u015fin Olsun\" \/>\n<meta name=\"twitter:card\" content=\"summary_large_image\" \/>\n<meta name=\"twitter:label1\" content=\"Yazan:\" \/>\n\t<meta name=\"twitter:data1\" content=\"\u0130\u015fin Olsun\" \/>\n\t<meta name=\"twitter:label2\" content=\"Tahmini okuma s\u00fcresi\" \/>\n\t<meta name=\"twitter:data2\" content=\"6 dakika\" \/>\n<script type=\"application\/ld+json\" class=\"yoast-schema-graph\">{\"@context\":\"https:\\\/\\\/schema.org\",\"@graph\":[{\"@type\":\"Article\",\"@id\":\"https:\\\/\\\/isinolsun.com\\\/blog\\\/2027-resmi-tatil-takvimi-ve-tatil-gunleri\\\/#article\",\"isPartOf\":{\"@id\":\"https:\\\/\\\/isinolsun.com\\\/blog\\\/2027-resmi-tatil-takvimi-ve-tatil-gunleri\\\/\"},\"author\":{\"name\":\"\u0130\u015fin Olsun\",\"@id\":\"https:\\\/\\\/isinolsun.com\\\/blog\\\/#\\\/schema\\\/person\\\/606f5f96303475d659c6a6db7b333179\"},\"headline\":\"2027 Resmi Tatil Takvimi ve Tatil G\u00fcnleri\",\"datePublished\":\"2026-09-03T11:18:08+00:00\",\"dateModified\":\"2026-09-03T11:57:17+00:00\",\"mainEntityOfPage\":{\"@id\":\"https:\\\/\\\/isinolsun.com\\\/blog\\\/2027-resmi-tatil-takvimi-ve-tatil-gunleri\\\/\"},\"wordCount\":1118,\"image\":{\"@id\":\"https:\\\/\\\/isinolsun.com\\\/blog\\\/2027-resmi-tatil-takvimi-ve-tatil-gunleri\\\/#primaryimage\"},\"thumbnailUrl\":\"https:\\\/\\\/isinolsun.com\\\/blog\\\/wp-content\\\/uploads\\\/2026\\\/09\\\/2027-resmi-tatil.png\",\"inLanguage\":\"tr\"},{\"@type\":\"WebPage\",\"@id\":\"https:\\\/\\\/isinolsun.com\\\/blog\\\/2027-resmi-tatil-takvimi-ve-tatil-gunleri\\\/\",\"url\":\"https:\\\/\\\/isinolsun.com\\\/blog\\\/2027-resmi-tatil-takvimi-ve-tatil-gunleri\\\/\",\"name\":\"2027 Resmi Tatil Takvimi ve Tatil G\u00fcnleri\",\"isPartOf\":{\"@id\":\"https:\\\/\\\/isinolsun.com\\\/blog\\\/#website\"},\"primaryImageOfPage\":{\"@id\":\"https:\\\/\\\/isinolsun.com\\\/blog\\\/2027-resmi-tatil-takvimi-ve-tatil-gunleri\\\/#primaryimage\"},\"image\":{\"@id\":\"https:\\\/\\\/isinolsun.com\\\/blog\\\/2027-resmi-tatil-takvimi-ve-tatil-gunleri\\\/#primaryimage\"},\"thumbnailUrl\":\"https:\\\/\\\/isinolsun.com\\\/blog\\\/wp-content\\\/uploads\\\/2026\\\/09\\\/2027-resmi-tatil.png\",\"dateModified\":\"2026-09-03T11:57:17+00:00\",\"author\":{\"@id\":\"https:\\\/\\\/isinolsun.com\\\/blog\\\/#\\\/schema\\\/person\\\/606f5f96303475d659c6a6db7b333179\"},\"description\":\"2027 y\u0131l\u0131, \u00e7al\u0131\u015fanlar i\u00e7in olduk\u00e7a verimli bir tatil takvimi sunuyor. Detaylar i\u00e7in i\u00e7eri\u011fimizi ziyaret edin.\",\"breadcrumb\":{\"@id\":\"https:\\\/\\\/isinolsun.com\\\/blog\\\/2027-resmi-tatil-takvimi-ve-tatil-gunleri\\\/#breadcrumb\"},\"inLanguage\":\"tr\",\"potentialAction\":[{\"@type\":\"ReadAction\",\"target\":[\"https:\\\/\\\/isinolsun.com\\\/blog\\\/2027-resmi-tatil-takvimi-ve-tatil-gunleri\\\/\"]}]},{\"@type\":\"ImageObject\",\"inLanguage\":\"tr\",\"@id\":\"https:\\\/\\\/isinolsun.com\\\/blog\\\/2027-resmi-tatil-takvimi-ve-tatil-gunleri\\\/#primaryimage\",\"url\":\"https:\\\/\\\/isinolsun.com\\\/blog\\\/wp-content\\\/uploads\\\/2026\\\/09\\\/2027-resmi-tatil.png\",\"contentUrl\":\"https:\\\/\\\/isinolsun.com\\\/blog\\\/wp-content\\\/uploads\\\/2026\\\/09\\\/2027-resmi-tatil.png\",\"width\":1536,\"height\":1024},{\"@type\":\"BreadcrumbList\",\"@id\":\"https:\\\/\\\/isinolsun.com\\\/blog\\\/2027-resmi-tatil-takvimi-ve-tatil-gunleri\\\/#breadcrumb\",\"itemListElement\":[{\"@type\":\"ListItem\",\"position\":1,\"name\":\"Anasayfa\",\"item\":\"https:\\\/\\\/isinolsun.com\\\/blog\\\/\"},{\"@type\":\"ListItem\",\"position\":2,\"name\":\"2027 Resmi Tatil Takvimi ve Tatil G\u00fcnleri\"}]},{\"@type\":\"WebSite\",\"@id\":\"https:\\\/\\\/isinolsun.com\\\/blog\\\/#website\",\"url\":\"https:\\\/\\\/isinolsun.com\\\/blog\\\/\",\"name\":\"\u0130\u015fin Olsun | Blog\",\"description\":\"\",\"potentialAction\":[{\"@type\":\"SearchAction\",\"target\":{\"@type\":\"EntryPoint\",\"urlTemplate\":\"https:\\\/\\\/isinolsun.com\\\/blog\\\/?s={search_term_string}\"},\"query-input\":{\"@type\":\"PropertyValueSpecification\",\"valueRequired\":true,\"valueName\":\"search_term_string\"}}],\"inLanguage\":\"tr\"},{\"@type\":\"Person\",\"@id\":\"https:\\\/\\\/isinolsun.com\\\/blog\\\/#\\\/schema\\\/person\\\/606f5f96303475d659c6a6db7b333179\",\"name\":\"\u0130\u015fin Olsun\",\"image\":{\"@type\":\"ImageObject\",\"inLanguage\":\"tr\",\"@id\":\"https:\\\/\\\/secure.gravatar.com\\\/avatar\\\/5f63bec55ceb4372c3a37b8d3749145726d83d89afd5df1d133f8345322f1e19?s=96&d=mm&r=g\",\"url\":\"https:\\\/\\\/secure.gravatar.com\\\/avatar\\\/5f63bec55ceb4372c3a37b8d3749145726d83d89afd5df1d133f8345322f1e19?s=96&d=mm&r=g\",\"contentUrl\":\"https:\\\/\\\/secure.gravatar.com\\\/avatar\\\/5f63bec55ceb4372c3a37b8d3749145726d83d89afd5df1d133f8345322f1e19?s=96&d=mm&r=g\",\"caption\":\"\u0130\u015fin Olsun\"},\"sameAs\":[\"https:\\\/\\\/isinolsun.com\"],\"url\":\"https:\\\/\\\/isinolsun.com\\\/blog\\\/author\\\/isinolsun\\\/\"}]}<\/script>\n<!-- \/ Yoast SEO Premium plugin. -->","yoast_head_json":{"title":"2027 Resmi Tatil Takvimi ve Tatil G\u00fcnleri","description":"2027 y\u0131l\u0131, \u00e7al\u0131\u015fanlar i\u00e7in olduk\u00e7a verimli bir tatil takvimi sunuyor. Detaylar i\u00e7in i\u00e7eri\u011fimizi ziyaret edin.","robots":{"index":"index","follow":"follow","max-snippet":"max-snippet:-1","max-image-preview":"max-image-preview:large","max-video-preview":"max-video-preview:-1"},"canonical":"https:\/\/isinolsun.com\/blog\/2027-resmi-tatil-takvimi-ve-tatil-gunleri\/","og_locale":"tr_TR","og_type":"article","og_title":"2027 Resmi Tatil Takvimi ve Tatil G\u00fcnleri","og_description":"2027 y\u0131l\u0131, \u00e7al\u0131\u015fanlar i\u00e7in olduk\u00e7a verimli bir tatil takvimi sunuyor. Detaylar i\u00e7in i\u00e7eri\u011fimizi ziyaret edin.","og_url":"https:\/\/isinolsun.com\/blog\/2027-resmi-tatil-takvimi-ve-tatil-gunleri\/","og_site_name":"\u0130\u015fin Olsun | Blog","article_published_time":"2026-09-03T11:18:08+00:00","article_modified_time":"2026-09-03T11:57:17+00:00","og_image":[{"width":1536,"height":1024,"url":"https:\/\/isinolsun.com\/blog\/wp-content\/uploads\/2026\/09\/2027-resmi-tatil.png","type":"image\/png"}],"author":"\u0130\u015fin Olsun","twitter_card":"summary_large_image","twitter_misc":{"Yazan:":"\u0130\u015fin Olsun","Tahmini okuma s\u00fcresi":"6 dakika"},"schema":{"@context":"https:\/\/schema.org","@graph":[{"@type":"Article","@id":"https:\/\/isinolsun.com\/blog\/2027-resmi-tatil-takvimi-ve-tatil-gunleri\/#article","isPartOf":{"@id":"https:\/\/isinolsun.com\/blog\/2027-resmi-tatil-takvimi-ve-tatil-gunleri\/"},"author":{"name":"\u0130\u015fin Olsun","@id":"https:\/\/isinolsun.com\/blog\/#\/schema\/person\/606f5f96303475d659c6a6db7b333179"},"headline":"2027 Resmi Tatil Takvimi ve Tatil G\u00fcnleri","datePublished":"2026-09-03T11:18:08+00:00","dateModified":"2026-09-03T11:57:17+00:00","mainEntityOfPage":{"@id":"https:\/\/isinolsun.com\/blog\/2027-resmi-tatil-takvimi-ve-tatil-gunleri\/"},"wordCount":1118,"image":{"@id":"https:\/\/isinolsun.com\/blog\/2027-resmi-tatil-takvimi-ve-tatil-gunleri\/#primaryimage"},"thumbnailUrl":"https:\/\/isinolsun.com\/blog\/wp-content\/uploads\/2026\/09\/2027-resmi-tatil.png","inLanguage":"tr"},{"@type":"WebPage","@id":"https:\/\/isinolsun.com\/blog\/2027-resmi-tatil-takvimi-ve-tatil-gunleri\/","url":"https:\/\/isinolsun.com\/blog\/2027-resmi-tatil-takvimi-ve-tatil-gunleri\/","name":"2027 Resmi Tatil Takvimi ve Tatil G\u00fcnleri","isPartOf":{"@id":"https:\/\/isinolsun.com\/blog\/#website"},"primaryImageOfPage":{"@id":"https:\/\/isinolsun.com\/blog\/2027-resmi-tatil-takvimi-ve-tatil-gunleri\/#primaryimage"},"image":{"@id":"https:\/\/isinolsun.com\/blog\/2027-resmi-tatil-takvimi-ve-tatil-gunleri\/#primaryimage"},"thumbnailUrl":"https:\/\/isinolsun.com\/blog\/wp-content\/uploads\/2026\/09\/2027-resmi-tatil.png","dateModified":"2026-09-03T11:57:17+00:00","author":{"@id":"https:\/\/isinolsun.com\/blog\/#\/schema\/person\/606f5f96303475d659c6a6db7b333179"},"description":"2027 y\u0131l\u0131, \u00e7al\u0131\u015fanlar i\u00e7in olduk\u00e7a verimli bir tatil takvimi sunuyor. Detaylar i\u00e7in i\u00e7eri\u011fimizi ziyaret edin.","breadcrumb":{"@id":"https:\/\/isinolsun.com\/blog\/2027-resmi-tatil-takvimi-ve-tatil-gunleri\/#breadcrumb"},"inLanguage":"tr","potentialAction":[{"@type":"ReadAction","target":["https:\/\/isinolsun.com\/blog\/2027-resmi-tatil-takvimi-ve-tatil-gunleri\/"]}]},{"@type":"ImageObject","inLanguage":"tr","@id":"https:\/\/isinolsun.com\/blog\/2027-resmi-tatil-takvimi-ve-tatil-gunleri\/#primaryimage","url":"https:\/\/isinolsun.com\/blog\/wp-content\/uploads\/2026\/09\/2027-resmi-tatil.png","contentUrl":"https:\/\/isinolsun.com\/blog\/wp-content\/uploads\/2026\/09\/2027-resmi-tatil.png","width":1536,"height":1024},{"@type":"BreadcrumbList","@id":"https:\/\/isinolsun.com\/blog\/2027-resmi-tatil-takvimi-ve-tatil-gunleri\/#breadcrumb","itemListElement":[{"@type":"ListItem","position":1,"name":"Anasayfa","item":"https:\/\/isinolsun.com\/blog\/"},{"@type":"ListItem","position":2,"name":"2027 Resmi Tatil Takvimi ve Tatil G\u00fcnleri"}]},{"@type":"WebSite","@id":"https:\/\/isinolsun.com\/blog\/#website","url":"https:\/\/isinolsun.com\/blog\/","name":"\u0130\u015fin Olsun | Blog","description":"","potentialAction":[{"@type":"SearchAction","target":{"@type":"EntryPoint","urlTemplate":"https:\/\/isinolsun.com\/blog\/?s={search_term_string}"},"query-input":{"@type":"PropertyValueSpecification","valueRequired":true,"valueName":"search_term_string"}}],"inLanguage":"tr"},{"@type":"Person","@id":"https:\/\/isinolsun.com\/blog\/#\/schema\/person\/606f5f96303475d659c6a6db7b333179","name":"\u0130\u015fin Olsun","image":{"@type":"ImageObject","inLanguage":"tr","@id":"https:\/\/secure.gravatar.com\/avatar\/5f63bec55ceb4372c3a37b8d3749145726d83d89afd5df1d133f8345322f1e19?s=96&d=mm&r=g","url":"https:\/\/secure.gravatar.com\/avatar\/5f63bec55ceb4372c3a37b8d3749145726d83d89afd5df1d133f8345322f1e19?s=96&d=mm&r=g","contentUrl":"https:\/\/secure.gravatar.com\/avatar\/5f63bec55ceb4372c3a37b8d3749145726d83d89afd5df1d133f8345322f1e19?s=96&d=mm&r=g","caption":"\u0130\u015fin Olsun"},"sameAs":["https:\/\/isinolsun.com"],"url":"https:\/\/isinolsun.com\/blog\/author\/isinolsun\/"}]}},"_links":{"self":[{"href":"https:\/\/isinolsun.com\/blog\/wp-json\/wp\/v2\/posts\/7373","targetHints":{"allow":["GET"]}}],"collection":[{"href":"https:\/\/isinolsun.com\/blog\/wp-json\/wp\/v2\/posts"}],"about":[{"href":"https:\/\/isinolsun.com\/blog\/wp-json\/wp\/v2\/types\/post"}],"author":[{"embeddable":true,"href":"https:\/\/isinolsun.com\/blog\/wp-json\/wp\/v2\/users\/4"}],"replies":[{"embeddable":true,"href":"https:\/\/isinolsun.com\/blog\/wp-json\/wp\/v2\/comments?post=7373"}],"version-history":[{"count":2,"href":"https:\/\/isinolsun.com\/blog\/wp-json\/wp\/v2\/posts\/7373\/revisions"}],"predecessor-version":[{"id":7376,"href":"https:\/\/isinolsun.com\/blog\/wp-json\/wp\/v2\/posts\/7373\/revisions\/7376"}],"wp:featuredmedia":[{"embeddable":true,"href":"https:\/\/isinolsun.com\/blog\/wp-json\/wp\/v2\/media\/7375"}],"wp:attachment":[{"href":"https:\/\/isinolsun.com\/blog\/wp-json\/wp\/v2\/media?parent=7373"}],"wp:term":[{"taxonomy":"category","embeddable":true,"href":"https:\/\/isinolsun.com\/blog\/wp-json\/wp\/v2\/categories?post=7373"},{"taxonomy":"post_tag","embeddable":true,"href":"https:\/\/isinolsun.com\/blog\/wp-json\/wp\/v2\/tags?post=7373"}],"curies":[{"name":"wp","href":"https:\/\/api.w.org\/{rel}","templated":true}]}}