{"id":7372,"date":"2026-09-03T14:01:54","date_gmt":"2026-09-03T11:01:54","guid":{"rendered":"https:\/\/isinolsun.com\/blog\/orman-genel-mudurlugu-personel-alimi-rehberi\/"},"modified":"2026-09-03T14:01:54","modified_gmt":"2026-09-03T11:01:54","slug":"orman-genel-mudurlugu-personel-alimi-rehberi","status":"publish","type":"post","link":"https:\/\/isinolsun.com\/blog\/orman-genel-mudurlugu-personel-alimi-rehberi\/","title":{"rendered":"Orman Genel M\u00fcd\u00fcrl\u00fc\u011f\u00fc Personel Al\u0131m\u0131 Rehberi"},"content":{"rendered":"\n<h1 class=\"wp-block-heading\">Orman Genel M\u00fcd\u00fcrl\u00fc\u011f\u00fc Personel Al\u0131m\u0131 Rehberi<\/h1>\n\n\n\n<p class=\"wp-block-paragraph\">Orman Genel M\u00fcd\u00fcrl\u00fc\u011f\u00fc, her y\u0131l binlerce i\u015f arayana kamu personeli olarak istihdam kap\u0131s\u0131 aralayan k\u00f6kl\u00fc bir kurumdur. Ormanc\u0131l\u0131k faaliyetlerinden yang\u0131n s\u00f6nd\u00fcrmeye, teknik hizmetlerden idari g\u00f6revlere kadar geni\u015f bir yelpazede personel istihdam edilmektedir. Bu kapsaml\u0131 rehberde; OGM&#039;nin g\u00f6rev alan\u0131, 2026 y\u0131l\u0131 i\u00e7in beklenen al\u0131m takvimi, ba\u015fvuru \u015fartlar\u0131, sonu\u00e7 a\u00e7\u0131klama kanallar\u0131 ve maa\u015f bilgileri gibi merak edilen t\u00fcm konular ayr\u0131nt\u0131l\u0131 bi\u00e7imde ele al\u0131nmaktad\u0131r. Kamuda kariyer hedefleyen adaylar i\u00e7in s\u00fcrecin do\u011fru anla\u015f\u0131lmas\u0131, ba\u015fvuru d\u00f6neminde avantaj sa\u011flayacakt\u0131r. Kariyer platformu \u0130\u015fin Olsun, bu s\u00fcreci daha kolay y\u00f6netebilmen i\u00e7in gerekli bilgileri derli toplu sunmaktad\u0131r.<\/p>\n\n\n\n<h2 class=\"wp-block-heading\">Orman Genel M\u00fcd\u00fcrl\u00fc\u011f\u00fc nedir?<\/h2>\n\n\n\n<p class=\"wp-block-paragraph\">Orman Genel M\u00fcd\u00fcrl\u00fc\u011f\u00fc (OGM), Tar\u0131m ve Orman Bakanl\u0131\u011f\u0131&#039;na ba\u011fl\u0131 olarak \u00fclke ormanlar\u0131n\u0131n korunmas\u0131, geli\u015ftirilmesi ve i\u015fletilmesinden sorumlu merkezi bir kamu kurulu\u015fudur. T\u00fcrkiye&#039;nin 81 ilinde ta\u015fra te\u015fkilat\u0131 bulunan kurum, 28 orman b\u00f6lge m\u00fcd\u00fcrl\u00fc\u011f\u00fc ve bu b\u00f6lgelere ba\u011fl\u0131 orman i\u015fletme m\u00fcd\u00fcrl\u00fckleri arac\u0131l\u0131\u011f\u0131yla faaliyetlerini y\u00fcr\u00fctmektedir. Ana g\u00f6revleri aras\u0131nda orman yang\u0131nlar\u0131yla m\u00fccadele, a\u011fa\u00e7land\u0131rma \u00e7al\u0131\u015fmalar\u0131, orman zararl\u0131lar\u0131yla m\u00fccadele, milli park ve tabiat parklar\u0131n\u0131n y\u00f6netimi ile odun ve odun d\u0131\u015f\u0131 orman \u00fcr\u00fcnlerinin \u00fcretimi yer almaktad\u0131r. Merkez birimlerinde uzman kadrolar; ta\u015fra birimlerinde ise orman muhafaza memurlar\u0131, i\u015f\u00e7iler, teknikerler ve m\u00fchendisler g\u00f6rev yapmaktad\u0131r. Kurum, kamu personeli istihdam\u0131nda hem 657 say\u0131l\u0131 Devlet Memurlar\u0131 Kanunu&#039;nun 4\/B maddesine g\u00f6re s\u00f6zle\u015fmeli personel hem de s\u00fcrekli ve ge\u00e7ici i\u015f\u00e7i stat\u00fcs\u00fcnde al\u0131m yapmaktad\u0131r. Bu \u00e7e\u015fitlilik, farkl\u0131 e\u011fitim ve deneyim d\u00fczeyindeki adaylara kap\u0131 a\u00e7maktad\u0131r.<\/p>\n\n\n\n<h2 class=\"wp-block-heading\">2026 y\u0131l\u0131 i\u015f ba\u015fvuru tarihleri ve detaylar\u0131<\/h2>\n\n\n\n<p class=\"wp-block-paragraph\">OGM al\u0131m s\u00fcre\u00e7lerinde ba\u015fvuru takvimi, ilan\u0131n Resmi Gazete&#039;de ve kurumun duyurular sayfas\u0131nda yay\u0131mlanmas\u0131yla birlikte netle\u015fir. Adaylar\u0131n takip etmesi gereken ba\u015fl\u0131ca noktalar a\u015fa\u011f\u0131da \u00f6zetlenmi\u015ftir:<\/p>\n\n\n\n<ul class=\"wp-block-list\">\n<li><strong>Ba\u015fvuru kanallar\u0131:<\/strong> \u0130\u015f\u00e7i al\u0131mlar\u0131 \u0130\u015eKUR \u00fczerinden, s\u00f6zle\u015fmeli personel al\u0131mlar\u0131 ise isealim.ogm.gov.tr adresi ile e-Devlet \u00fczerindeki &quot;Personel \u0130stihdam\u0131 \u0130\u015f Ba\u015fvurular\u0131n\u0131n Al\u0131nmas\u0131&quot; hizmeti arac\u0131l\u0131\u011f\u0131yla y\u00fcr\u00fct\u00fclmektedir.<\/li>\n<li><strong>\u0130lan yay\u0131n yeri:<\/strong> T\u00fcm al\u0131m duyurular\u0131 ogm.gov.tr sitesinin &quot;Duyurular&quot; b\u00f6l\u00fcm\u00fcnde ve Resmi Gazete&#039;de yer almaktad\u0131r.<\/li>\n<li><strong>Ba\u015fvuru s\u00fcresi:<\/strong> Al\u0131m ilanlar\u0131nda genellikle 7 ila 10 g\u00fcnl\u00fck bir ba\u015fvuru penceresi tan\u0131mlanmakta, bu s\u00fcrenin sonunda ba\u015fvurular otomatik olarak kapanmaktad\u0131r.<\/li>\n<li><strong>Kadro da\u011f\u0131l\u0131m\u0131:<\/strong> Motor imalat bak\u0131m ve onar\u0131m i\u015f\u00e7isi, otomotiv kaporta i\u015f\u00e7isi, otomotiv elektrik\u00e7isi, kaynak\u00e7\u0131 ve lastik tamircisi gibi teknik pozisyonlar \u00f6nceki d\u00f6nemlerde a\u00e7\u0131lan kadrolar aras\u0131nda yer alm\u0131\u015ft\u0131r.<\/li>\n<li><strong>Belge teslimi:<\/strong> \u0130lk a\u015famada sistem \u00fczerinden ba\u015fvuru al\u0131nd\u0131ktan sonra s\u00f6zl\u00fc s\u0131nav veya kura \u00e7ekimine \u00e7a\u011fr\u0131lan adaylardan fiziki belge istenmektedir.<\/li>\n<\/ul>\n\n\n\n<p class=\"wp-block-paragraph\">Ba\u015fvuru d\u00f6neminde adaylar\u0131n kimlik bilgilerinin, KPSS puan\u0131n\u0131n ve e\u011fitim durumunun sisteme do\u011fru i\u015flenmesi b\u00fcy\u00fck \u00f6nem ta\u015f\u0131r. Yanl\u0131\u015f veya eksik beyanda bulunan adaylar\u0131n ba\u015fvurular\u0131 ge\u00e7ersiz say\u0131lmaktad\u0131r.<\/p>\n\n\n\n<h2 class=\"wp-block-heading\">S\u00f6zle\u015fmeli personel al\u0131m \u015fartlar\u0131 nelerdir?<\/h2>\n\n\n\n<p class=\"wp-block-paragraph\">S\u00f6zle\u015fmeli personel al\u0131mlar\u0131nda adaylar\u0131n 657 say\u0131l\u0131 Kanun&#039;un 48. maddesindeki genel \u015fartlar\u0131 ve pozisyona \u00f6zel \u00f6zel \u015fartlar\u0131 e\u015f zamanl\u0131 olarak ta\u015f\u0131mas\u0131 gerekmektedir. S\u00fcre\u00e7 a\u015fa\u011f\u0131daki ad\u0131mlarla ilerlemektedir:<\/p>\n\n\n\n<ol class=\"wp-block-list\">\n<li><strong>Genel \u015fartlar\u0131n sa\u011flanmas\u0131:<\/strong> T\u00fcrkiye Cumhuriyeti vatanda\u015f\u0131 olmak, kamu haklar\u0131ndan mahrum bulunmamak, ar\u015fiv ara\u015ft\u0131rmas\u0131 olumlu sonu\u00e7lanmak ve askerlik hizmetini tamamlam\u0131\u015f, tecilli veya muaf olmak ilk a\u015famada aranan ko\u015fullard\u0131r.<\/li>\n<li><strong>Ya\u015f s\u0131n\u0131r\u0131n\u0131n kontrol\u00fc:<\/strong> S\u00f6zle\u015fmeli pozisyonlarda genellikle 18 ya\u015f\u0131n\u0131 doldurmu\u015f olmak ve son ba\u015fvuru tarihi itibar\u0131yla 35 ya\u015f\u0131n\u0131 a\u015fmam\u0131\u015f olmak istenmektedir.<\/li>\n<li><strong>KPSS puan\u0131 ile ba\u015fvuru:<\/strong> Lisans mezunlar\u0131 i\u00e7in KPSS P3, \u00f6n lisans mezunlar\u0131 i\u00e7in P93, orta\u00f6\u011fretim mezunlar\u0131 i\u00e7in P94 puan t\u00fcr\u00fcnden ge\u00e7erli puan alm\u0131\u015f olmak gerekmektedir.<\/li>\n<li><strong>Pozisyona \u00f6zel \u015fartlar\u0131n kar\u015f\u0131lanmas\u0131:<\/strong> B\u00fcro personeli, destek personeli, m\u00fchendis, tekniker veya koruma ve g\u00fcvenlik g\u00f6revlisi gibi pozisyonlar i\u00e7in mezuniyet alan\u0131, sertifika, s\u00fcr\u00fcc\u00fc belgesi veya g\u00fcvenlik kimlik kart\u0131 gibi ek belgeler talep edilebilmektedir.<\/li>\n<li><strong>Sa\u011fl\u0131k ko\u015fullar\u0131n\u0131n uygunlu\u011fu:<\/strong> Arazi \u015fartlar\u0131nda g\u00f6rev yap\u0131lacak pozisyonlarda tam te\u015fekk\u00fcll\u00fc sa\u011fl\u0131k raporu ile fiziksel yeterlilik belgelenmelidir.<\/li>\n<li><strong>Ba\u015fvurunun tamamlanmas\u0131:<\/strong> e-Devlet \u00fczerinden kimlik do\u011frulamas\u0131 yap\u0131larak ba\u015fvuru formu doldurulmakta ve istenen belgeler sisteme y\u00fcklenmektedir.<\/li>\n<\/ol>\n\n\n\n<p class=\"wp-block-paragraph\">\u015eartlar\u0131 ta\u015f\u0131mayan adaylar\u0131n atamalar\u0131, s\u00fcre\u00e7 ilerlemi\u015f olsa dahi iptal edilebilmektedir.<\/p>\n\n\n\n<h2 class=\"wp-block-heading\">Ba\u015fvuru sonu\u00e7lar\u0131 nerede yay\u0131nlan\u0131r?<\/h2>\n\n\n\n<p class=\"wp-block-paragraph\">Ba\u015fvuru sonu\u00e7lar\u0131 ogm.gov.tr adresindeki &quot;Duyurular&quot; b\u00f6l\u00fcm\u00fcnde ilan kimli\u011fiyle birlikte yay\u0131mlan\u0131r. \u0130\u015f\u00e7i al\u0131mlar\u0131nda kura \u00e7ekim sonu\u00e7lar\u0131, noter huzurunda ger\u00e7ekle\u015ftirilen kura sonras\u0131nda ayn\u0131 g\u00fcn veya izleyen i\u015f g\u00fcn\u00fc kurumun resmi sitesinde a\u00e7\u0131klanmaktad\u0131r. S\u00f6zle\u015fmeli personel al\u0131mlar\u0131nda ise \u00f6n de\u011ferlendirme sonu\u00e7lar\u0131 \u00f6nce ilan edilmekte, ard\u0131ndan s\u00f6zl\u00fc s\u0131nava \u00e7a\u011fr\u0131lan adaylar\u0131n listesi ve nihai atama sonu\u00e7lar\u0131 ayr\u0131 ayr\u0131 yay\u0131mlanmaktad\u0131r. Adaylar; sonu\u00e7 sorgulamalar\u0131n\u0131 e-Devlet \u00fczerindeki &quot;Personel \u0130stihdam\u0131 \u0130\u015f Ba\u015fvurular\u0131n\u0131n Al\u0131nmas\u0131&quot; hizmeti ile T.C. kimlik numaras\u0131 do\u011frulamas\u0131 yaparak da g\u00f6r\u00fcnt\u00fcleyebilmektedir. Sonu\u00e7lara itiraz s\u00fcresi genellikle ilan tarihinden itibaren \u00fc\u00e7 i\u015f g\u00fcn\u00fc olarak belirlenmekte; itirazlar ilgili orman b\u00f6lge m\u00fcd\u00fcrl\u00fc\u011f\u00fcne yaz\u0131l\u0131 olarak yap\u0131lmaktad\u0131r. Kesin sonu\u00e7 listesinde yer alan adaylar\u0131n, belirtilen tarihe kadar atama evraklar\u0131n\u0131 teslim etmesi zorunludur.<\/p>\n\n\n\n<h2 class=\"wp-block-heading\">OGM i\u015f\u00e7i maa\u015flar\u0131 hakk\u0131nda bilgi<\/h2>\n\n\n\n<p class=\"wp-block-paragraph\">OGM&#039;de i\u015f\u00e7i ve s\u00f6zle\u015fmeli personel stat\u00fcs\u00fcnde \u00e7al\u0131\u015fman\u0131n hem cazip y\u00f6nleri hem de dikkate al\u0131nmas\u0131 gereken taraflar\u0131 bulunmaktad\u0131r.<\/p>\n\n\n\n<h3 class=\"wp-block-heading\">Avantajlar\u0131 (Art\u0131lar\u0131)<\/h3>\n\n\n\n<ul class=\"wp-block-list\">\n<li>\u0130\u015f g\u00fcvencesi y\u00fcksektir; s\u00fcrekli i\u015f\u00e7i kadrosuna ge\u00e7en personel kamu g\u00fcvencesi alt\u0131nda \u00e7al\u0131\u015f\u0131r.<\/li>\n<li>Toplu i\u015f s\u00f6zle\u015fmesi kapsam\u0131nda d\u00fczenli zam, ikramiye, sosyal yard\u0131m ve giyim yard\u0131m\u0131 gibi ek \u00f6demeler al\u0131n\u0131r.<\/li>\n<li>Y\u0131ll\u0131k izin, sa\u011fl\u0131k hizmetleri ve emeklilik haklar\u0131 a\u00e7\u0131s\u0131ndan kapsaml\u0131 sosyal g\u00fcvence sa\u011flan\u0131r.<\/li>\n<\/ul>\n\n\n\n<h3 class=\"wp-block-heading\">Dezavantajlar\u0131 (Eksileri)<\/h3>\n\n\n\n<ul class=\"wp-block-list\">\n<li>Arazi a\u011f\u0131rl\u0131kl\u0131 g\u00f6revlerde uzun mesai ve zorlu hava ko\u015fullar\u0131nda \u00e7al\u0131\u015fma s\u00f6z konusu olabilmektedir.<\/li>\n<li>Orman yang\u0131n\u0131 sezonunda vardiyal\u0131 \u00e7al\u0131\u015fma ve hafta sonu mesaisi yo\u011funla\u015fabilir.<\/li>\n<li>G\u00f6rev yeri de\u011fi\u015fiklikleri, ta\u015fra te\u015fkilat\u0131n\u0131n geni\u015f yap\u0131s\u0131 nedeniyle \u015fehir d\u0131\u015f\u0131na tayin olas\u0131l\u0131\u011f\u0131 ta\u015f\u0131maktad\u0131r.<\/li>\n<\/ul>\n\n\n\n<p class=\"wp-block-paragraph\">Kamuda kariyer f\u0131rsatlar\u0131n\u0131 de\u011ferlendirmek ve OGM al\u0131m ilanlar\u0131n\u0131 yak\u0131ndan takip etmek isteyen adaylar, g\u00fcncel i\u015f ilanlar\u0131 sayfas\u0131ndan uygun pozisyonlar\u0131 inceleyebilir.<\/p>\n<!-- templates\/buttons-placeholder.php -->\n<div class=\"da-reactions-outer TpostID7372\">\n\t    <div class=\"da-reactions-data da-reactions-container-async center\"\n         data-type=\"post\"\n         data-id=\"7372\"\n         id=\"da-reactions-slot-post-7372\">\n        <div class=\"da-reactions-static\">\n\t\t\t<img src=\"https:\/\/isinolsun.com\/blog\/wp-content\/plugins\/da-reactions\/assets\/dist\/loading.svg\" alt=\"Loading spinner\" width=\"48\" height=\"48\" \/>\n        <\/div>\n    <\/div>\n<\/div>\n","protected":false},"excerpt":{"rendered":"<p>Orman Genel M\u00fcd\u00fcrl\u00fc\u011f\u00fc, her y\u0131l binlerce i\u015f arayana kamu personeli olarak istihdam kap\u0131s\u0131 aralayan k\u00f6kl\u00fc bir kurumdur.<\/p>\n<!-- templates\/buttons-placeholder.php -->\n<div class=\"da-reactions-outer TpostID7372\">\n\t    <div class=\"da-reactions-data da-reactions-container-async center\"\n         data-type=\"post\"\n         data-id=\"7372\"\n         id=\"da-reactions-slot-post-7372\">\n        <div class=\"da-reactions-static\">\n\t\t\t<img src=\"https:\/\/isinolsun.com\/blog\/wp-content\/plugins\/da-reactions\/assets\/dist\/loading.svg\" alt=\"Loading spinner\" width=\"48\" height=\"48\" \/>\n        <\/div>\n    <\/div>\n<\/div>\n","protected":false},"author":1,"featured_media":0,"comment_status":"","ping_status":"open","sticky":false,"template":"","format":"standard","meta":{"footnotes":""},"categories":[1],"tags":[],"class_list":["post-7372","post","type-post","status-publish","format-standard","category-genel"],"yoast_head":"<!-- This site is optimized with the Yoast SEO Premium plugin v28.3 (Yoast SEO v28.4) - https:\/\/yoast.com\/product\/yoast-seo-premium-wordpress\/ -->\n<title>Orman Genel M\u00fcd\u00fcrl\u00fc\u011f\u00fc Personel Al\u0131m\u0131 Rehberi<\/title>\n<meta name=\"description\" content=\"Orman Genel M\u00fcd\u00fcrl\u00fc\u011f\u00fc, her y\u0131l binlerce i\u015f arayana kamu personeli olarak istihdam kap\u0131s\u0131 aralayan k\u00f6kl\u00fc bir kurumdur.\" \/>\n<meta name=\"robots\" content=\"index, follow, max-snippet:-1, max-image-preview:large, max-video-preview:-1\" \/>\n<link rel=\"canonical\" href=\"https:\/\/isinolsun.com\/blog\/orman-genel-mudurlugu-personel-alimi-rehberi\/\" \/>\n<meta property=\"og:locale\" content=\"tr_TR\" \/>\n<meta property=\"og:type\" content=\"article\" \/>\n<meta property=\"og:title\" content=\"Orman Genel M\u00fcd\u00fcrl\u00fc\u011f\u00fc Personel Al\u0131m\u0131 Rehberi\" \/>\n<meta property=\"og:description\" content=\"Orman Genel M\u00fcd\u00fcrl\u00fc\u011f\u00fc, her y\u0131l binlerce i\u015f arayana kamu personeli olarak istihdam kap\u0131s\u0131 aralayan k\u00f6kl\u00fc bir kurumdur.\" \/>\n<meta property=\"og:url\" content=\"https:\/\/isinolsun.com\/blog\/orman-genel-mudurlugu-personel-alimi-rehberi\/\" \/>\n<meta property=\"og:site_name\" content=\"\u0130\u015fin Olsun | Blog\" \/>\n<meta property=\"article:published_time\" content=\"2026-09-03T11:01:54+00:00\" \/>\n<meta name=\"author\" content=\"admin\" \/>\n<meta name=\"twitter:card\" content=\"summary_large_image\" \/>\n<meta name=\"twitter:label1\" content=\"Yazan:\" \/>\n\t<meta name=\"twitter:data1\" content=\"admin\" \/>\n\t<meta name=\"twitter:label2\" content=\"Tahmini okuma s\u00fcresi\" \/>\n\t<meta name=\"twitter:data2\" content=\"6 dakika\" \/>\n<script type=\"application\/ld+json\" class=\"yoast-schema-graph\">{\"@context\":\"https:\\\/\\\/schema.org\",\"@graph\":[{\"@type\":\"Article\",\"@id\":\"https:\\\/\\\/isinolsun.com\\\/blog\\\/orman-genel-mudurlugu-personel-alimi-rehberi\\\/#article\",\"isPartOf\":{\"@id\":\"https:\\\/\\\/isinolsun.com\\\/blog\\\/orman-genel-mudurlugu-personel-alimi-rehberi\\\/\"},\"author\":{\"name\":\"admin\",\"@id\":\"https:\\\/\\\/isinolsun.com\\\/blog\\\/#\\\/schema\\\/person\\\/ea5c5c70a49b5a1a28547ee45f9ddc46\"},\"headline\":\"Orman Genel M\u00fcd\u00fcrl\u00fc\u011f\u00fc Personel Al\u0131m\u0131 Rehberi\",\"datePublished\":\"2026-09-03T11:01:54+00:00\",\"mainEntityOfPage\":{\"@id\":\"https:\\\/\\\/isinolsun.com\\\/blog\\\/orman-genel-mudurlugu-personel-alimi-rehberi\\\/\"},\"wordCount\":1193,\"inLanguage\":\"tr\"},{\"@type\":\"WebPage\",\"@id\":\"https:\\\/\\\/isinolsun.com\\\/blog\\\/orman-genel-mudurlugu-personel-alimi-rehberi\\\/\",\"url\":\"https:\\\/\\\/isinolsun.com\\\/blog\\\/orman-genel-mudurlugu-personel-alimi-rehberi\\\/\",\"name\":\"Orman Genel M\u00fcd\u00fcrl\u00fc\u011f\u00fc Personel Al\u0131m\u0131 Rehberi\",\"isPartOf\":{\"@id\":\"https:\\\/\\\/isinolsun.com\\\/blog\\\/#website\"},\"author\":{\"@id\":\"https:\\\/\\\/isinolsun.com\\\/blog\\\/#\\\/schema\\\/person\\\/ea5c5c70a49b5a1a28547ee45f9ddc46\"},\"description\":\"Orman Genel M\u00fcd\u00fcrl\u00fc\u011f\u00fc, her y\u0131l binlerce i\u015f arayana kamu personeli olarak istihdam kap\u0131s\u0131 aralayan k\u00f6kl\u00fc bir kurumdur.\",\"breadcrumb\":{\"@id\":\"https:\\\/\\\/isinolsun.com\\\/blog\\\/orman-genel-mudurlugu-personel-alimi-rehberi\\\/#breadcrumb\"},\"inLanguage\":\"tr\",\"potentialAction\":[{\"@type\":\"ReadAction\",\"target\":[\"https:\\\/\\\/isinolsun.com\\\/blog\\\/orman-genel-mudurlugu-personel-alimi-rehberi\\\/\"]}]},{\"@type\":\"BreadcrumbList\",\"@id\":\"https:\\\/\\\/isinolsun.com\\\/blog\\\/orman-genel-mudurlugu-personel-alimi-rehberi\\\/#breadcrumb\",\"itemListElement\":[{\"@type\":\"ListItem\",\"position\":1,\"name\":\"Anasayfa\",\"item\":\"https:\\\/\\\/isinolsun.com\\\/blog\\\/\"},{\"@type\":\"ListItem\",\"position\":2,\"name\":\"Orman Genel M\u00fcd\u00fcrl\u00fc\u011f\u00fc Personel Al\u0131m\u0131 Rehberi\"}]},{\"@type\":\"WebSite\",\"@id\":\"https:\\\/\\\/isinolsun.com\\\/blog\\\/#website\",\"url\":\"https:\\\/\\\/isinolsun.com\\\/blog\\\/\",\"name\":\"\u0130\u015fin Olsun | Blog\",\"description\":\"\",\"potentialAction\":[{\"@type\":\"SearchAction\",\"target\":{\"@type\":\"EntryPoint\",\"urlTemplate\":\"https:\\\/\\\/isinolsun.com\\\/blog\\\/?s={search_term_string}\"},\"query-input\":{\"@type\":\"PropertyValueSpecification\",\"valueRequired\":true,\"valueName\":\"search_term_string\"}}],\"inLanguage\":\"tr\"},{\"@type\":\"Person\",\"@id\":\"https:\\\/\\\/isinolsun.com\\\/blog\\\/#\\\/schema\\\/person\\\/ea5c5c70a49b5a1a28547ee45f9ddc46\",\"name\":\"admin\",\"image\":{\"@type\":\"ImageObject\",\"inLanguage\":\"tr\",\"@id\":\"https:\\\/\\\/secure.gravatar.com\\\/avatar\\\/f970d57278989df7511d20777e02290d5ade600f5b077ca6b48eb51187c1c271?s=96&d=mm&r=g\",\"url\":\"https:\\\/\\\/secure.gravatar.com\\\/avatar\\\/f970d57278989df7511d20777e02290d5ade600f5b077ca6b48eb51187c1c271?s=96&d=mm&r=g\",\"contentUrl\":\"https:\\\/\\\/secure.gravatar.com\\\/avatar\\\/f970d57278989df7511d20777e02290d5ade600f5b077ca6b48eb51187c1c271?s=96&d=mm&r=g\",\"caption\":\"admin\"},\"sameAs\":[\"http:\\\/\\\/test.isinolsun.com\\\/blog\"],\"url\":\"https:\\\/\\\/isinolsun.com\\\/blog\\\/author\\\/admin\\\/\"}]}<\/script>\n<!-- \/ Yoast SEO Premium plugin. -->","yoast_head_json":{"title":"Orman Genel M\u00fcd\u00fcrl\u00fc\u011f\u00fc Personel Al\u0131m\u0131 Rehberi","description":"Orman Genel M\u00fcd\u00fcrl\u00fc\u011f\u00fc, her y\u0131l binlerce i\u015f arayana kamu personeli olarak istihdam kap\u0131s\u0131 aralayan k\u00f6kl\u00fc bir kurumdur.","robots":{"index":"index","follow":"follow","max-snippet":"max-snippet:-1","max-image-preview":"max-image-preview:large","max-video-preview":"max-video-preview:-1"},"canonical":"https:\/\/isinolsun.com\/blog\/orman-genel-mudurlugu-personel-alimi-rehberi\/","og_locale":"tr_TR","og_type":"article","og_title":"Orman Genel M\u00fcd\u00fcrl\u00fc\u011f\u00fc Personel Al\u0131m\u0131 Rehberi","og_description":"Orman Genel M\u00fcd\u00fcrl\u00fc\u011f\u00fc, her y\u0131l binlerce i\u015f arayana kamu personeli olarak istihdam kap\u0131s\u0131 aralayan k\u00f6kl\u00fc bir kurumdur.","og_url":"https:\/\/isinolsun.com\/blog\/orman-genel-mudurlugu-personel-alimi-rehberi\/","og_site_name":"\u0130\u015fin Olsun | Blog","article_published_time":"2026-09-03T11:01:54+00:00","author":"admin","twitter_card":"summary_large_image","twitter_misc":{"Yazan:":"admin","Tahmini okuma s\u00fcresi":"6 dakika"},"schema":{"@context":"https:\/\/schema.org","@graph":[{"@type":"Article","@id":"https:\/\/isinolsun.com\/blog\/orman-genel-mudurlugu-personel-alimi-rehberi\/#article","isPartOf":{"@id":"https:\/\/isinolsun.com\/blog\/orman-genel-mudurlugu-personel-alimi-rehberi\/"},"author":{"name":"admin","@id":"https:\/\/isinolsun.com\/blog\/#\/schema\/person\/ea5c5c70a49b5a1a28547ee45f9ddc46"},"headline":"Orman Genel M\u00fcd\u00fcrl\u00fc\u011f\u00fc Personel Al\u0131m\u0131 Rehberi","datePublished":"2026-09-03T11:01:54+00:00","mainEntityOfPage":{"@id":"https:\/\/isinolsun.com\/blog\/orman-genel-mudurlugu-personel-alimi-rehberi\/"},"wordCount":1193,"inLanguage":"tr"},{"@type":"WebPage","@id":"https:\/\/isinolsun.com\/blog\/orman-genel-mudurlugu-personel-alimi-rehberi\/","url":"https:\/\/isinolsun.com\/blog\/orman-genel-mudurlugu-personel-alimi-rehberi\/","name":"Orman Genel M\u00fcd\u00fcrl\u00fc\u011f\u00fc Personel Al\u0131m\u0131 Rehberi","isPartOf":{"@id":"https:\/\/isinolsun.com\/blog\/#website"},"author":{"@id":"https:\/\/isinolsun.com\/blog\/#\/schema\/person\/ea5c5c70a49b5a1a28547ee45f9ddc46"},"description":"Orman Genel M\u00fcd\u00fcrl\u00fc\u011f\u00fc, her y\u0131l binlerce i\u015f arayana kamu personeli olarak istihdam kap\u0131s\u0131 aralayan k\u00f6kl\u00fc bir kurumdur.","breadcrumb":{"@id":"https:\/\/isinolsun.com\/blog\/orman-genel-mudurlugu-personel-alimi-rehberi\/#breadcrumb"},"inLanguage":"tr","potentialAction":[{"@type":"ReadAction","target":["https:\/\/isinolsun.com\/blog\/orman-genel-mudurlugu-personel-alimi-rehberi\/"]}]},{"@type":"BreadcrumbList","@id":"https:\/\/isinolsun.com\/blog\/orman-genel-mudurlugu-personel-alimi-rehberi\/#breadcrumb","itemListElement":[{"@type":"ListItem","position":1,"name":"Anasayfa","item":"https:\/\/isinolsun.com\/blog\/"},{"@type":"ListItem","position":2,"name":"Orman Genel M\u00fcd\u00fcrl\u00fc\u011f\u00fc Personel Al\u0131m\u0131 Rehberi"}]},{"@type":"WebSite","@id":"https:\/\/isinolsun.com\/blog\/#website","url":"https:\/\/isinolsun.com\/blog\/","name":"\u0130\u015fin Olsun | Blog","description":"","potentialAction":[{"@type":"SearchAction","target":{"@type":"EntryPoint","urlTemplate":"https:\/\/isinolsun.com\/blog\/?s={search_term_string}"},"query-input":{"@type":"PropertyValueSpecification","valueRequired":true,"valueName":"search_term_string"}}],"inLanguage":"tr"},{"@type":"Person","@id":"https:\/\/isinolsun.com\/blog\/#\/schema\/person\/ea5c5c70a49b5a1a28547ee45f9ddc46","name":"admin","image":{"@type":"ImageObject","inLanguage":"tr","@id":"https:\/\/secure.gravatar.com\/avatar\/f970d57278989df7511d20777e02290d5ade600f5b077ca6b48eb51187c1c271?s=96&d=mm&r=g","url":"https:\/\/secure.gravatar.com\/avatar\/f970d57278989df7511d20777e02290d5ade600f5b077ca6b48eb51187c1c271?s=96&d=mm&r=g","contentUrl":"https:\/\/secure.gravatar.com\/avatar\/f970d57278989df7511d20777e02290d5ade600f5b077ca6b48eb51187c1c271?s=96&d=mm&r=g","caption":"admin"},"sameAs":["http:\/\/test.isinolsun.com\/blog"],"url":"https:\/\/isinolsun.com\/blog\/author\/admin\/"}]}},"_links":{"self":[{"href":"https:\/\/isinolsun.com\/blog\/wp-json\/wp\/v2\/posts\/7372","targetHints":{"allow":["GET"]}}],"collection":[{"href":"https:\/\/isinolsun.com\/blog\/wp-json\/wp\/v2\/posts"}],"about":[{"href":"https:\/\/isinolsun.com\/blog\/wp-json\/wp\/v2\/types\/post"}],"author":[{"embeddable":true,"href":"https:\/\/isinolsun.com\/blog\/wp-json\/wp\/v2\/users\/1"}],"replies":[{"embeddable":true,"href":"https:\/\/isinolsun.com\/blog\/wp-json\/wp\/v2\/comments?post=7372"}],"version-history":[{"count":0,"href":"https:\/\/isinolsun.com\/blog\/wp-json\/wp\/v2\/posts\/7372\/revisions"}],"wp:attachment":[{"href":"https:\/\/isinolsun.com\/blog\/wp-json\/wp\/v2\/media?parent=7372"}],"wp:term":[{"taxonomy":"category","embeddable":true,"href":"https:\/\/isinolsun.com\/blog\/wp-json\/wp\/v2\/categories?post=7372"},{"taxonomy":"post_tag","embeddable":true,"href":"https:\/\/isinolsun.com\/blog\/wp-json\/wp\/v2\/tags?post=7372"}],"curies":[{"name":"wp","href":"https:\/\/api.w.org\/{rel}","templated":true}]}}