{"id":7170,"date":"2026-01-14T19:15:02","date_gmt":"2026-01-14T16:15:02","guid":{"rendered":"https:\/\/isinolsun.com\/blog\/?p=7170"},"modified":"2026-01-14T19:15:03","modified_gmt":"2026-01-14T16:15:03","slug":"issizlik-maasi-ne-kadar","status":"publish","type":"post","link":"https:\/\/isinolsun.com\/blog\/issizlik-maasi-ne-kadar\/","title":{"rendered":"2026 i\u015fsizlik maa\u015f\u0131 ne kadar?"},"content":{"rendered":"\n<p><strong>\u00c7al\u0131\u015fma hayat\u0131nda beklenmedik ayr\u0131l\u0131klar ya\u015fand\u0131\u011f\u0131nda, devlet taraf\u0131ndan sa\u011flanan i\u015fsizlik maa\u015f\u0131 \u00e7al\u0131\u015fanlar i\u00e7in en \u00f6nemli g\u00fcvence kalkan\u0131 haline geliyor. 2026 y\u0131l\u0131 asgari \u00fccret rakamlar\u0131n\u0131n netle\u015fmesiyle birlikte, milyonlarca \u00e7al\u0131\u015fan\u0131 yak\u0131ndan ilgilendiren i\u015fsizlik \u00f6dene\u011fi tutarlar\u0131 da yeniden g\u00fcncellendi.<\/strong> <strong>Detaylar yaz\u0131m\u0131zda!<\/strong><\/p>\n\n\n\n<p>\u0130\u015fsizlik maa\u015f\u0131 hesaplan\u0131rken, sigortal\u0131n\u0131n son 4 ayl\u0131k prime esas kazan\u00e7lar\u0131n\u0131n ortalamas\u0131 dikkate al\u0131n\u0131r. Bu hesaplamada tek kesinti <strong>damga vergisi<\/strong> (0,00759) \u00fczerinden yap\u0131l\u0131r.<\/p>\n\n\n\n<figure class=\"wp-block-table\"><table class=\"has-fixed-layout\"><thead><tr><td>\u00d6deme T\u00fcr\u00fc<\/td><td>Br\u00fct Tutar<\/td><td>Net Tutar (Damga Vergisi Sonras\u0131)<\/td><\/tr><\/thead><tbody><tr><td><strong>En D\u00fc\u015f\u00fck \u0130\u015fsizlik Maa\u015f\u0131<\/strong><\/td><td>13.212,00 TL<\/td><td><strong>13.111,72 TL<\/strong><\/td><\/tr><tr><td><strong>En Y\u00fcksek \u0130\u015fsizlik Maa\u015f\u0131<\/strong><\/td><td>26.424,00 TL<\/td><td><strong>26.223,44 TL<\/strong><\/td><\/tr><\/tbody><\/table><\/figure>\n\n\n\n<h2 class=\"wp-block-heading\">\u0130\u015fsizlik maa\u015f\u0131 nas\u0131l hesaplan\u0131r?<\/h2>\n\n\n\n<p>\u0130\u015fsizlik \u00f6dene\u011fi miktar\u0131 iki temel kurala g\u00f6re belirlenir:<\/p>\n\n\n\n<ol start=\"1\" class=\"wp-block-list\">\n<li><strong>Hesaplama:<\/strong> G\u00fcnl\u00fck i\u015fsizlik \u00f6dene\u011fi, sigortal\u0131n\u0131n son 4 ayl\u0131k g\u00fcnl\u00fck ortalama br\u00fct kazanc\u0131n\u0131n <strong>%40<\/strong>&#8216;\u0131d\u0131r.<\/li>\n\n\n\n<li><strong>S\u0131n\u0131r:<\/strong> \u0130\u015fsizlik \u00f6dene\u011fi miktar\u0131, ayl\u0131k br\u00fct asgari \u00fccretin <strong>%80<\/strong>&#8216;ini ge\u00e7emez. Bu kural &#8220;tavan&#8221; \u00fccreti belirler.<\/li>\n<\/ol>\n\n\n\n<h2 class=\"wp-block-heading\">\u0130\u015fsizlik maa\u015f\u0131ndan yararlanma \u015fartlar\u0131<\/h2>\n\n\n\n<p>2026 y\u0131l\u0131nda da bu \u00f6denekten yararlanabilmek i\u00e7in a\u015fa\u011f\u0131daki \u015fartlar\u0131n sa\u011flanmas\u0131 gerekmektedir:<\/p>\n\n\n\n<ul class=\"wp-block-list\">\n<li>Kendi istek ve kusuru d\u0131\u015f\u0131nda i\u015fsiz kalmak.<\/li>\n\n\n\n<li>Hizmet akdinin sona ermesinden \u00f6nceki <strong>son 120 g\u00fcn<\/strong> hizmet akdine tabi olmak.<\/li>\n\n\n\n<li>\u0130\u015ften ayr\u0131lmadan \u00f6nceki son 3 y\u0131l i\u00e7inde en az <strong>600 g\u00fcn<\/strong> i\u015fsizlik sigortas\u0131 primi \u00f6demi\u015f olmak.<\/li>\n\n\n\n<li>\u0130\u015ften ayr\u0131ld\u0131ktan sonraki <strong>30 g\u00fcn i\u00e7inde<\/strong> en yak\u0131n \u0130\u015eKUR birimine \u015fahsen ya da elektronik ortamda (e-Devlet) ba\u015fvurmak.<\/li>\n<\/ul>\n\n\n\n<h2 class=\"wp-block-heading\">\u00d6deme s\u00fcreleri ne kadar?<\/h2>\n\n\n\n<p>\u00d6denek s\u00fcresi, sigortal\u0131n\u0131n son 3 y\u0131ldaki prim g\u00fcn say\u0131s\u0131na g\u00f6re de\u011fi\u015fir:<\/p>\n\n\n\n<ul class=\"wp-block-list\">\n<li><strong>600 g\u00fcn<\/strong> prim \u00f6deyenlere: <strong>180 g\u00fcn (6 ay)<\/strong><\/li>\n\n\n\n<li><strong>900 g\u00fcn<\/strong> prim \u00f6deyenlere: <strong>240 g\u00fcn (8 ay)<\/strong><\/li>\n\n\n\n<li><strong>1080 g\u00fcn<\/strong> prim \u00f6deyenlere: <strong>300 g\u00fcn (10 ay)<\/strong><\/li>\n<\/ul>\n\n\n\n<p><strong>Not:<\/strong> \u0130\u015fsizlik maa\u015f\u0131 al\u0131rken \u0130\u015eKUR taraf\u0131ndan sunulan dan\u0131\u015fmanl\u0131k, i\u015fe yerle\u015ftirme ve meslek geli\u015ftirme e\u011fitimlerinden de \u00fccretsiz olarak faydalanabilirsiniz.<\/p>\n<!-- templates\/buttons-placeholder.php -->\n<div class=\"da-reactions-outer TpostID7170\">\n\t    <div class=\"da-reactions-data da-reactions-container-async center\"\n         data-type=\"post\"\n         data-id=\"7170\"\n         id=\"da-reactions-slot-post-7170\">\n        <div class=\"da-reactions-static\">\n\t\t\t<img src=\"https:\/\/isinolsun.com\/blog\/wp-content\/plugins\/da-reactions\/assets\/dist\/loading.svg\" alt=\"Loading spinner\" width=\"48\" height=\"48\" style=\"width:48px\" \/>\n        <\/div>\n    <\/div>\n<\/div>\n","protected":false},"excerpt":{"rendered":"<p>\u00c7al\u0131\u015fma hayat\u0131nda beklenmedik ayr\u0131l\u0131klar ya\u015fand\u0131\u011f\u0131nda, devlet taraf\u0131ndan sa\u011flanan i\u015fsizlik maa\u015f\u0131 \u00e7al\u0131\u015fanlar i\u00e7in en \u00f6nemli g\u00fcvence kalkan\u0131 haline geliyor. 2026 y\u0131l\u0131 asgari \u00fccret rakamlar\u0131n\u0131n netle\u015fmesiyle birlikte, milyonlarca \u00e7al\u0131\u015fan\u0131 yak\u0131ndan ilgilendiren i\u015fsizlik \u00f6dene\u011fi tutarlar\u0131 da yeniden g\u00fcncellendi. Detaylar yaz\u0131m\u0131zda! \u0130\u015fsizlik maa\u015f\u0131 hesaplan\u0131rken, sigortal\u0131n\u0131n son 4 ayl\u0131k prime esas kazan\u00e7lar\u0131n\u0131n ortalamas\u0131 dikkate al\u0131n\u0131r. Bu hesaplamada tek kesinti damga [&hellip;]<\/p>\n<!-- templates\/buttons-placeholder.php -->\n<div class=\"da-reactions-outer TpostID7170\">\n\t    <div class=\"da-reactions-data da-reactions-container-async center\"\n         data-type=\"post\"\n         data-id=\"7170\"\n         id=\"da-reactions-slot-post-7170\">\n        <div class=\"da-reactions-static\">\n\t\t\t<img src=\"https:\/\/isinolsun.com\/blog\/wp-content\/plugins\/da-reactions\/assets\/dist\/loading.svg\" alt=\"Loading spinner\" width=\"48\" height=\"48\" style=\"width:48px\" \/>\n        <\/div>\n    <\/div>\n<\/div>\n","protected":false},"author":4,"featured_media":7172,"comment_status":"closed","ping_status":"open","sticky":false,"template":"","format":"standard","meta":{"footnotes":""},"categories":[12],"tags":[],"class_list":{"0":"post-7170","1":"post","2":"type-post","3":"status-publish","4":"format-standard","5":"has-post-thumbnail","7":"category-calisan-rehberi"},"yoast_head":"<!-- This site is optimized with the Yoast SEO plugin v26.8 - https:\/\/yoast.com\/product\/yoast-seo-wordpress\/ -->\n<title>2026 i\u015fsizlik maa\u015f\u0131 ne kadar?<\/title>\n<meta name=\"description\" content=\"2026 i\u015fsizlik maa\u015f\u0131 ne kadar oldu? G\u00fcnce i\u015fsizlik maa\u015f\u0131 ne kadar ve i\u015fsizlik maa\u015f\u0131 hesaplamas\u0131 nas\u0131l yap\u0131l\u0131r? Detaylar yaz\u0131m\u0131zda!\" \/>\n<meta name=\"robots\" content=\"index, follow, max-snippet:-1, max-image-preview:large, max-video-preview:-1\" \/>\n<link rel=\"canonical\" href=\"https:\/\/isinolsun.com\/blog\/issizlik-maasi-ne-kadar\/\" \/>\n<meta property=\"og:locale\" content=\"tr_TR\" \/>\n<meta property=\"og:type\" content=\"article\" \/>\n<meta property=\"og:title\" content=\"2026 i\u015fsizlik maa\u015f\u0131 ne kadar?\" \/>\n<meta property=\"og:description\" content=\"2026 i\u015fsizlik maa\u015f\u0131 ne kadar oldu? G\u00fcnce i\u015fsizlik maa\u015f\u0131 ne kadar ve i\u015fsizlik maa\u015f\u0131 hesaplamas\u0131 nas\u0131l yap\u0131l\u0131r? Detaylar yaz\u0131m\u0131zda!\" \/>\n<meta property=\"og:url\" content=\"https:\/\/isinolsun.com\/blog\/issizlik-maasi-ne-kadar\/\" \/>\n<meta property=\"og:site_name\" content=\"\u0130\u015fin Olsun | Blog\" \/>\n<meta property=\"article:published_time\" content=\"2026-01-14T16:15:02+00:00\" \/>\n<meta property=\"article:modified_time\" content=\"2026-01-14T16:15:03+00:00\" \/>\n<meta property=\"og:image\" content=\"https:\/\/isinolsun.com\/blog\/wp-content\/uploads\/2026\/01\/2026-issizlik-maasi.jpg\" \/>\n\t<meta property=\"og:image:width\" content=\"906\" \/>\n\t<meta property=\"og:image:height\" content=\"603\" \/>\n\t<meta property=\"og:image:type\" content=\"image\/jpeg\" \/>\n<meta name=\"author\" content=\"\u0130\u015fin Olsun\" \/>\n<meta name=\"twitter:card\" content=\"summary_large_image\" \/>\n<meta name=\"twitter:label1\" content=\"Yazan:\" \/>\n\t<meta name=\"twitter:data1\" content=\"\u0130\u015fin Olsun\" \/>\n\t<meta name=\"twitter:label2\" content=\"Tahmini okuma s\u00fcresi\" \/>\n\t<meta name=\"twitter:data2\" content=\"2 dakika\" \/>\n<script type=\"application\/ld+json\" class=\"yoast-schema-graph\">{\"@context\":\"https:\/\/schema.org\",\"@graph\":[{\"@type\":\"Article\",\"@id\":\"https:\/\/isinolsun.com\/blog\/issizlik-maasi-ne-kadar\/#article\",\"isPartOf\":{\"@id\":\"https:\/\/isinolsun.com\/blog\/issizlik-maasi-ne-kadar\/\"},\"author\":{\"name\":\"\u0130\u015fin Olsun\",\"@id\":\"https:\/\/isinolsun.com\/blog\/#\/schema\/person\/606f5f96303475d659c6a6db7b333179\"},\"headline\":\"2026 i\u015fsizlik maa\u015f\u0131 ne kadar?\",\"datePublished\":\"2026-01-14T16:15:02+00:00\",\"dateModified\":\"2026-01-14T16:15:03+00:00\",\"mainEntityOfPage\":{\"@id\":\"https:\/\/isinolsun.com\/blog\/issizlik-maasi-ne-kadar\/\"},\"wordCount\":338,\"image\":{\"@id\":\"https:\/\/isinolsun.com\/blog\/issizlik-maasi-ne-kadar\/#primaryimage\"},\"thumbnailUrl\":\"https:\/\/isinolsun.com\/blog\/wp-content\/uploads\/2026\/01\/2026-issizlik-maasi.jpg\",\"articleSection\":[\"\u00c7al\u0131\u015fan Rehberi\"],\"inLanguage\":\"tr\"},{\"@type\":\"WebPage\",\"@id\":\"https:\/\/isinolsun.com\/blog\/issizlik-maasi-ne-kadar\/\",\"url\":\"https:\/\/isinolsun.com\/blog\/issizlik-maasi-ne-kadar\/\",\"name\":\"2026 i\u015fsizlik maa\u015f\u0131 ne kadar?\",\"isPartOf\":{\"@id\":\"https:\/\/isinolsun.com\/blog\/#website\"},\"primaryImageOfPage\":{\"@id\":\"https:\/\/isinolsun.com\/blog\/issizlik-maasi-ne-kadar\/#primaryimage\"},\"image\":{\"@id\":\"https:\/\/isinolsun.com\/blog\/issizlik-maasi-ne-kadar\/#primaryimage\"},\"thumbnailUrl\":\"https:\/\/isinolsun.com\/blog\/wp-content\/uploads\/2026\/01\/2026-issizlik-maasi.jpg\",\"dateModified\":\"2026-01-14T16:15:03+00:00\",\"author\":{\"@id\":\"https:\/\/isinolsun.com\/blog\/#\/schema\/person\/606f5f96303475d659c6a6db7b333179\"},\"description\":\"2026 i\u015fsizlik maa\u015f\u0131 ne kadar oldu? G\u00fcnce i\u015fsizlik maa\u015f\u0131 ne kadar ve i\u015fsizlik maa\u015f\u0131 hesaplamas\u0131 nas\u0131l yap\u0131l\u0131r? Detaylar yaz\u0131m\u0131zda!\",\"breadcrumb\":{\"@id\":\"https:\/\/isinolsun.com\/blog\/issizlik-maasi-ne-kadar\/#breadcrumb\"},\"inLanguage\":\"tr\",\"potentialAction\":[{\"@type\":\"ReadAction\",\"target\":[\"https:\/\/isinolsun.com\/blog\/issizlik-maasi-ne-kadar\/\"]}]},{\"@type\":\"ImageObject\",\"inLanguage\":\"tr\",\"@id\":\"https:\/\/isinolsun.com\/blog\/issizlik-maasi-ne-kadar\/#primaryimage\",\"url\":\"https:\/\/isinolsun.com\/blog\/wp-content\/uploads\/2026\/01\/2026-issizlik-maasi.jpg\",\"contentUrl\":\"https:\/\/isinolsun.com\/blog\/wp-content\/uploads\/2026\/01\/2026-issizlik-maasi.jpg\",\"width\":906,\"height\":603},{\"@type\":\"BreadcrumbList\",\"@id\":\"https:\/\/isinolsun.com\/blog\/issizlik-maasi-ne-kadar\/#breadcrumb\",\"itemListElement\":[{\"@type\":\"ListItem\",\"position\":1,\"name\":\"Anasayfa\",\"item\":\"https:\/\/isinolsun.com\/blog\/\"},{\"@type\":\"ListItem\",\"position\":2,\"name\":\"2026 i\u015fsizlik maa\u015f\u0131 ne kadar?\"}]},{\"@type\":\"WebSite\",\"@id\":\"https:\/\/isinolsun.com\/blog\/#website\",\"url\":\"https:\/\/isinolsun.com\/blog\/\",\"name\":\"\u0130\u015fin Olsun | Blog\",\"description\":\"\",\"potentialAction\":[{\"@type\":\"SearchAction\",\"target\":{\"@type\":\"EntryPoint\",\"urlTemplate\":\"https:\/\/isinolsun.com\/blog\/?s={search_term_string}\"},\"query-input\":{\"@type\":\"PropertyValueSpecification\",\"valueRequired\":true,\"valueName\":\"search_term_string\"}}],\"inLanguage\":\"tr\"},{\"@type\":\"Person\",\"@id\":\"https:\/\/isinolsun.com\/blog\/#\/schema\/person\/606f5f96303475d659c6a6db7b333179\",\"name\":\"\u0130\u015fin Olsun\",\"image\":{\"@type\":\"ImageObject\",\"inLanguage\":\"tr\",\"@id\":\"https:\/\/isinolsun.com\/blog\/#\/schema\/person\/image\/\",\"url\":\"https:\/\/secure.gravatar.com\/avatar\/5f63bec55ceb4372c3a37b8d3749145726d83d89afd5df1d133f8345322f1e19?s=96&d=mm&r=g\",\"contentUrl\":\"https:\/\/secure.gravatar.com\/avatar\/5f63bec55ceb4372c3a37b8d3749145726d83d89afd5df1d133f8345322f1e19?s=96&d=mm&r=g\",\"caption\":\"\u0130\u015fin Olsun\"},\"sameAs\":[\"https:\/\/isinolsun.com\"],\"url\":\"https:\/\/isinolsun.com\/blog\/author\/isinolsun\/\"}]}<\/script>\n<!-- \/ Yoast SEO plugin. -->","yoast_head_json":{"title":"2026 i\u015fsizlik maa\u015f\u0131 ne kadar?","description":"2026 i\u015fsizlik maa\u015f\u0131 ne kadar oldu? G\u00fcnce i\u015fsizlik maa\u015f\u0131 ne kadar ve i\u015fsizlik maa\u015f\u0131 hesaplamas\u0131 nas\u0131l yap\u0131l\u0131r? Detaylar yaz\u0131m\u0131zda!","robots":{"index":"index","follow":"follow","max-snippet":"max-snippet:-1","max-image-preview":"max-image-preview:large","max-video-preview":"max-video-preview:-1"},"canonical":"https:\/\/isinolsun.com\/blog\/issizlik-maasi-ne-kadar\/","og_locale":"tr_TR","og_type":"article","og_title":"2026 i\u015fsizlik maa\u015f\u0131 ne kadar?","og_description":"2026 i\u015fsizlik maa\u015f\u0131 ne kadar oldu? G\u00fcnce i\u015fsizlik maa\u015f\u0131 ne kadar ve i\u015fsizlik maa\u015f\u0131 hesaplamas\u0131 nas\u0131l yap\u0131l\u0131r? Detaylar yaz\u0131m\u0131zda!","og_url":"https:\/\/isinolsun.com\/blog\/issizlik-maasi-ne-kadar\/","og_site_name":"\u0130\u015fin Olsun | Blog","article_published_time":"2026-01-14T16:15:02+00:00","article_modified_time":"2026-01-14T16:15:03+00:00","og_image":[{"width":906,"height":603,"url":"https:\/\/isinolsun.com\/blog\/wp-content\/uploads\/2026\/01\/2026-issizlik-maasi.jpg","type":"image\/jpeg"}],"author":"\u0130\u015fin Olsun","twitter_card":"summary_large_image","twitter_misc":{"Yazan:":"\u0130\u015fin Olsun","Tahmini okuma s\u00fcresi":"2 dakika"},"schema":{"@context":"https:\/\/schema.org","@graph":[{"@type":"Article","@id":"https:\/\/isinolsun.com\/blog\/issizlik-maasi-ne-kadar\/#article","isPartOf":{"@id":"https:\/\/isinolsun.com\/blog\/issizlik-maasi-ne-kadar\/"},"author":{"name":"\u0130\u015fin Olsun","@id":"https:\/\/isinolsun.com\/blog\/#\/schema\/person\/606f5f96303475d659c6a6db7b333179"},"headline":"2026 i\u015fsizlik maa\u015f\u0131 ne kadar?","datePublished":"2026-01-14T16:15:02+00:00","dateModified":"2026-01-14T16:15:03+00:00","mainEntityOfPage":{"@id":"https:\/\/isinolsun.com\/blog\/issizlik-maasi-ne-kadar\/"},"wordCount":338,"image":{"@id":"https:\/\/isinolsun.com\/blog\/issizlik-maasi-ne-kadar\/#primaryimage"},"thumbnailUrl":"https:\/\/isinolsun.com\/blog\/wp-content\/uploads\/2026\/01\/2026-issizlik-maasi.jpg","articleSection":["\u00c7al\u0131\u015fan Rehberi"],"inLanguage":"tr"},{"@type":"WebPage","@id":"https:\/\/isinolsun.com\/blog\/issizlik-maasi-ne-kadar\/","url":"https:\/\/isinolsun.com\/blog\/issizlik-maasi-ne-kadar\/","name":"2026 i\u015fsizlik maa\u015f\u0131 ne kadar?","isPartOf":{"@id":"https:\/\/isinolsun.com\/blog\/#website"},"primaryImageOfPage":{"@id":"https:\/\/isinolsun.com\/blog\/issizlik-maasi-ne-kadar\/#primaryimage"},"image":{"@id":"https:\/\/isinolsun.com\/blog\/issizlik-maasi-ne-kadar\/#primaryimage"},"thumbnailUrl":"https:\/\/isinolsun.com\/blog\/wp-content\/uploads\/2026\/01\/2026-issizlik-maasi.jpg","dateModified":"2026-01-14T16:15:03+00:00","author":{"@id":"https:\/\/isinolsun.com\/blog\/#\/schema\/person\/606f5f96303475d659c6a6db7b333179"},"description":"2026 i\u015fsizlik maa\u015f\u0131 ne kadar oldu? G\u00fcnce i\u015fsizlik maa\u015f\u0131 ne kadar ve i\u015fsizlik maa\u015f\u0131 hesaplamas\u0131 nas\u0131l yap\u0131l\u0131r? Detaylar yaz\u0131m\u0131zda!","breadcrumb":{"@id":"https:\/\/isinolsun.com\/blog\/issizlik-maasi-ne-kadar\/#breadcrumb"},"inLanguage":"tr","potentialAction":[{"@type":"ReadAction","target":["https:\/\/isinolsun.com\/blog\/issizlik-maasi-ne-kadar\/"]}]},{"@type":"ImageObject","inLanguage":"tr","@id":"https:\/\/isinolsun.com\/blog\/issizlik-maasi-ne-kadar\/#primaryimage","url":"https:\/\/isinolsun.com\/blog\/wp-content\/uploads\/2026\/01\/2026-issizlik-maasi.jpg","contentUrl":"https:\/\/isinolsun.com\/blog\/wp-content\/uploads\/2026\/01\/2026-issizlik-maasi.jpg","width":906,"height":603},{"@type":"BreadcrumbList","@id":"https:\/\/isinolsun.com\/blog\/issizlik-maasi-ne-kadar\/#breadcrumb","itemListElement":[{"@type":"ListItem","position":1,"name":"Anasayfa","item":"https:\/\/isinolsun.com\/blog\/"},{"@type":"ListItem","position":2,"name":"2026 i\u015fsizlik maa\u015f\u0131 ne kadar?"}]},{"@type":"WebSite","@id":"https:\/\/isinolsun.com\/blog\/#website","url":"https:\/\/isinolsun.com\/blog\/","name":"\u0130\u015fin Olsun | Blog","description":"","potentialAction":[{"@type":"SearchAction","target":{"@type":"EntryPoint","urlTemplate":"https:\/\/isinolsun.com\/blog\/?s={search_term_string}"},"query-input":{"@type":"PropertyValueSpecification","valueRequired":true,"valueName":"search_term_string"}}],"inLanguage":"tr"},{"@type":"Person","@id":"https:\/\/isinolsun.com\/blog\/#\/schema\/person\/606f5f96303475d659c6a6db7b333179","name":"\u0130\u015fin Olsun","image":{"@type":"ImageObject","inLanguage":"tr","@id":"https:\/\/isinolsun.com\/blog\/#\/schema\/person\/image\/","url":"https:\/\/secure.gravatar.com\/avatar\/5f63bec55ceb4372c3a37b8d3749145726d83d89afd5df1d133f8345322f1e19?s=96&d=mm&r=g","contentUrl":"https:\/\/secure.gravatar.com\/avatar\/5f63bec55ceb4372c3a37b8d3749145726d83d89afd5df1d133f8345322f1e19?s=96&d=mm&r=g","caption":"\u0130\u015fin Olsun"},"sameAs":["https:\/\/isinolsun.com"],"url":"https:\/\/isinolsun.com\/blog\/author\/isinolsun\/"}]}},"_links":{"self":[{"href":"https:\/\/isinolsun.com\/blog\/wp-json\/wp\/v2\/posts\/7170","targetHints":{"allow":["GET"]}}],"collection":[{"href":"https:\/\/isinolsun.com\/blog\/wp-json\/wp\/v2\/posts"}],"about":[{"href":"https:\/\/isinolsun.com\/blog\/wp-json\/wp\/v2\/types\/post"}],"author":[{"embeddable":true,"href":"https:\/\/isinolsun.com\/blog\/wp-json\/wp\/v2\/users\/4"}],"replies":[{"embeddable":true,"href":"https:\/\/isinolsun.com\/blog\/wp-json\/wp\/v2\/comments?post=7170"}],"version-history":[{"count":1,"href":"https:\/\/isinolsun.com\/blog\/wp-json\/wp\/v2\/posts\/7170\/revisions"}],"predecessor-version":[{"id":7171,"href":"https:\/\/isinolsun.com\/blog\/wp-json\/wp\/v2\/posts\/7170\/revisions\/7171"}],"wp:featuredmedia":[{"embeddable":true,"href":"https:\/\/isinolsun.com\/blog\/wp-json\/wp\/v2\/media\/7172"}],"wp:attachment":[{"href":"https:\/\/isinolsun.com\/blog\/wp-json\/wp\/v2\/media?parent=7170"}],"wp:term":[{"taxonomy":"category","embeddable":true,"href":"https:\/\/isinolsun.com\/blog\/wp-json\/wp\/v2\/categories?post=7170"},{"taxonomy":"post_tag","embeddable":true,"href":"https:\/\/isinolsun.com\/blog\/wp-json\/wp\/v2\/tags?post=7170"}],"curies":[{"name":"wp","href":"https:\/\/api.w.org\/{rel}","templated":true}]}}