{"id":6910,"date":"2025-11-25T11:00:18","date_gmt":"2025-11-25T08:00:18","guid":{"rendered":"https:\/\/isinolsun.com\/blog\/?p=6910"},"modified":"2025-11-25T11:00:19","modified_gmt":"2025-11-25T08:00:19","slug":"cocuk-isci-calistirmanin-cezasi-nedir","status":"publish","type":"post","link":"https:\/\/isinolsun.com\/blog\/cocuk-isci-calistirmanin-cezasi-nedir\/","title":{"rendered":"\u00c7ocuk i\u015f\u00e7i \u00e7al\u0131\u015ft\u0131rman\u0131n cezas\u0131 nedir?"},"content":{"rendered":"\n<p>\u00c7ocuk i\u015f\u00e7ili\u011fi, ne yaz\u0131k ki hala toplumun \u00f6nemli sorunlar\u0131ndan biri. Peki, bir \u00e7ocu\u011fu \u00e7al\u0131\u015ft\u0131rman\u0131n yasal boyutu nedir ve bu yasa\u011fa uymaman\u0131n ciddi sonu\u00e7lar\u0131 nelerdir? Bu makale, \u00f6zellikle i\u015fverenler ve konu hakk\u0131nda bilgi edinmek isteyen herkes i\u00e7in, <strong>\u00e7ocuk i\u015f\u00e7i \u00e7al\u0131\u015ft\u0131rman\u0131n hukuki sonu\u00e7lar\u0131n\u0131<\/strong>, ya\u015f s\u0131n\u0131rlar\u0131n\u0131 ve bu durumla kar\u015f\u0131la\u015f\u0131ld\u0131\u011f\u0131nda at\u0131lmas\u0131 gereken ad\u0131mlar\u0131 <strong>samimi ve anla\u015f\u0131l\u0131r bir dille<\/strong> anlat\u0131yor. T\u00fcrkiye Cumhuriyeti kanunlar\u0131na g\u00f6re \u00e7ocuk i\u015f\u00e7i \u00e7al\u0131\u015ft\u0131rman\u0131n hem idari para cezas\u0131 hem de duruma g\u00f6re <strong>T\u00fcrk Ceza Kanunu (TCK) kapsam\u0131nda hapis cezas\u0131<\/strong> gibi \u00e7ok a\u011f\u0131r yapt\u0131r\u0131mlar\u0131 bulunuyor.<\/p>\n\n\n\n<p><strong>\u00c7ocuk i\u015f\u00e7i \u00e7al\u0131\u015ft\u0131rman\u0131n cezas\u0131<\/strong>, \u00e7al\u0131\u015ft\u0131rma \u015fekline, \u00e7ocu\u011fun ya\u015f\u0131na ve \u00e7al\u0131\u015fma \u015fartlar\u0131na g\u00f6re de\u011fi\u015fir. En basit tabirle, kanuna ayk\u0131r\u0131 her \u00e7al\u0131\u015ft\u0131rma durumunda <strong>\u0130dari Para Cezas\u0131<\/strong> uygulan\u0131r. Ancak, \u00e7ocu\u011fun bedensel ve ruhsal geli\u015fimini tehlikeye atan, zorla veya tehlikeli i\u015flerde \u00e7al\u0131\u015ft\u0131rma gibi durumlarda, TCK&#8217;n\u0131n ilgili maddeleri gere\u011fince <strong>adli s\u00fcre\u00e7<\/strong> ba\u015flar ve bu, <strong>hapis cezas\u0131na<\/strong> kadar gidebilir. Kanunlar, \u00e7ocuklar\u0131 koruma alt\u0131na alm\u0131\u015ft\u0131r ve bu kurallara uymayanlara kar\u015f\u0131 olduk\u00e7a kat\u0131d\u0131r.<\/p>\n\n\n\n<h2 class=\"wp-block-heading\">\u00c7ocuk i\u015f\u00e7i nedir?<\/h2>\n\n\n\n<p>\u00c7ocuk i\u015f\u00e7i, <strong>Kanunlar\u0131m\u0131za g\u00f6re belirlenen ya\u015f s\u0131n\u0131r\u0131n\u0131n alt\u0131nda, fiziksel, zihinsel, ahlaki veya sosyal geli\u015fimine zarar verebilecek i\u015flerde \u00e7al\u0131\u015ft\u0131r\u0131lan \u00e7ocuklar<\/strong> anlam\u0131na gelir.<\/p>\n\n\n\n<p>\u00c7ocuk i\u015f\u00e7i kavram\u0131n\u0131n tan\u0131m\u0131, uluslararas\u0131 anla\u015fmalar (ILO S\u00f6zle\u015fmeleri) ve \u00fclkemizdeki <strong>4857 say\u0131l\u0131 \u0130\u015f Kanunu<\/strong> ile belirlenmi\u015ftir. Esasen, \u00e7ocuklar\u0131n e\u011fitimi, dinlenmesi ve oyun oynamas\u0131 gerekirken, bir i\u015fte \u00fccret kar\u015f\u0131l\u0131\u011f\u0131 veya kar\u015f\u0131l\u0131ks\u0131z olarak istihdam edilmesi durumudur.<\/p>\n\n\n\n<ul class=\"wp-block-list\">\n<li><strong>15 Ya\u015f\u0131n\u0131 Doldurmam\u0131\u015f \u00c7ocuklar:<\/strong> Genel olarak yasal mevzuatta &#8220;\u00e7ocuk i\u015f\u00e7i&#8221; tan\u0131m\u0131 bu ya\u015f\u0131n alt\u0131ndakileri kapsar ve bunlar\u0131n \u00e7al\u0131\u015ft\u0131r\u0131lmas\u0131 kat\u0131 kurallara tabidir.<\/li>\n\n\n\n<li><strong>18 Ya\u015f\u0131ndan K\u00fc\u00e7\u00fck Gen\u00e7 \u0130\u015f\u00e7iler:<\/strong> 15 ya\u015f\u0131n\u0131 doldurmu\u015f ancak 18 ya\u015f\u0131n\u0131 doldurmam\u0131\u015f ki\u015filer ise &#8220;gen\u00e7 i\u015f\u00e7i&#8221; olarak adland\u0131r\u0131l\u0131r. Bunlar da baz\u0131 i\u015flerde \u00e7al\u0131\u015ft\u0131r\u0131lamaz ve \u00e7al\u0131\u015fma saatleri k\u0131s\u0131tl\u0131d\u0131r.<\/li>\n<\/ul>\n\n\n\n<p>\u00d6zetle, \u00e7ocu\u011fun sa\u011fl\u0131\u011f\u0131n\u0131, g\u00fcvenli\u011fini ve e\u011fitimini tehlikeye atan her t\u00fcrl\u00fc \u00e7al\u0131\u015ft\u0131rma bi\u00e7imi, yasa d\u0131\u015f\u0131 \u00e7ocuk i\u015f\u00e7ili\u011fi kapsam\u0131na girer.<\/p>\n\n\n\n<h2 class=\"wp-block-heading\">\u00c7ocuk i\u015f\u00e7i ya\u015f s\u0131n\u0131r\u0131 nedir?<\/h2>\n\n\n\n<p>T\u00fcrkiye&#8217;de \u00e7ocuk i\u015f\u00e7i \u00e7al\u0131\u015ft\u0131rma i\u00e7in <strong>en temel ya\u015f s\u0131n\u0131r\u0131 15 ya\u015f\u0131n doldurulmas\u0131d\u0131r<\/strong>; ancak 14 ya\u015f\u0131n\u0131 doldurmu\u015f ve zorunlu ilk\u00f6\u011fretimini tamamlam\u0131\u015f \u00e7ocuklar da \u00e7ok hafif i\u015flerde \u00e7al\u0131\u015fabilir.<\/p>\n\n\n\n<p>\u0130\u015f Kanunu&#8217;na g\u00f6re ya\u015f s\u0131n\u0131rlar\u0131 ve tan\u0131mlamalar\u0131 \u015f\u00f6yledir:<\/p>\n\n\n\n<figure class=\"wp-block-table\"><table class=\"has-fixed-layout\"><thead><tr><td>Ya\u015f Kategorisi<\/td><td>Tan\u0131m<\/td><td>\u00c7al\u0131\u015fma Durumu<\/td><\/tr><\/thead><tbody><tr><td><strong>14 ya\u015f\u0131n\u0131 doldurmam\u0131\u015f<\/strong><\/td><td>\u00c7ocuk \u0130\u015f\u00e7i<\/td><td><strong>\u00c7al\u0131\u015ft\u0131r\u0131lmas\u0131 yasakt\u0131r<\/strong> (Sanat, k\u00fclt\u00fcr ve reklam faaliyetleri hari\u00e7, Aile, \u00c7al\u0131\u015fma ve Sosyal Hizmetler Bakanl\u0131\u011f\u0131 izniyle).<\/td><\/tr><tr><td><strong>14 ya\u015f\u0131n\u0131 doldurmu\u015f, 15&#8217;ten k\u00fc\u00e7\u00fck<\/strong><\/td><td>Hafif \u0130\u015flerde \u00c7al\u0131\u015fan \u00c7ocuk<\/td><td>Zorunlu ilk\u00f6\u011fretimini tamamlam\u0131\u015f olmal\u0131 ve sa\u011fl\u0131k ile geli\u015fimini tehlikeye atmayan <strong>\u00e7ok hafif i\u015flerde<\/strong> \u00e7al\u0131\u015fabilir.<\/td><\/tr><tr><td><strong>15 ya\u015f\u0131n\u0131 doldurmu\u015f, 18&#8217;den k\u00fc\u00e7\u00fck<\/strong><\/td><td>Gen\u00e7 \u0130\u015f\u00e7i<\/td><td>Belirli i\u015f kollar\u0131nda ve kanunda belirtilen \u00e7al\u0131\u015fma saatlerine uygun olarak \u00e7al\u0131\u015fabilir.<\/td><\/tr><\/tbody><\/table><\/figure>\n\n\n\n<ul class=\"wp-block-list\">\n<li><strong>\u00d6nemli Not:<\/strong> 15 ya\u015f\u0131n\u0131 doldurmu\u015f olsa bile, gen\u00e7 i\u015f\u00e7ilerin gece vardiyas\u0131nda \u00e7al\u0131\u015ft\u0131r\u0131lmas\u0131, a\u011f\u0131r ve tehlikeli i\u015flerde \u00e7al\u0131\u015ft\u0131r\u0131lmas\u0131 kesinlikle <strong>yasakt\u0131r<\/strong>. Kanunlar bu ya\u015f grubunun sa\u011fl\u0131\u011f\u0131n\u0131 ve g\u00fcvenli\u011fini en \u00fcst d\u00fczeyde korumay\u0131 ama\u00e7lar.<\/li>\n<\/ul>\n\n\n\n<h2 class=\"wp-block-heading\">\u00c7al\u0131\u015fman\u0131n ya\u015f\u0131 ve \u015fartlar\u0131 neler?<\/h2>\n\n\n\n<p>Yasal olarak \u00e7al\u0131\u015fman\u0131n ya\u015f\u0131 ve \u015fartlar\u0131, <strong>\u00e7ocu\u011fun ya\u015f\u0131na, e\u011fitim durumuna ve yapaca\u011f\u0131 i\u015fin niteli\u011fine g\u00f6re<\/strong> \u0130\u015f Kanunu ve \u00c7ocuk ve Gen\u00e7 \u0130\u015f\u00e7ilerin \u00c7al\u0131\u015ft\u0131r\u0131lma Usul ve Esaslar\u0131 Hakk\u0131nda Y\u00f6netmelik ile detayl\u0131 olarak belirlenmi\u015ftir.<\/p>\n\n\n\n<p>\u00c7ocuk ve gen\u00e7 i\u015f\u00e7ilerin \u00e7al\u0131\u015ft\u0131r\u0131lma \u015fartlar\u0131, yeti\u015fkin i\u015f\u00e7ilerden \u00e7ok daha s\u0131k\u0131 kurallara tabidir. Bu kurallar\u0131n temel amac\u0131, onlar\u0131n e\u011fitim haklar\u0131n\u0131 ve bedensel\/ruhsal geli\u015fimlerini korumakt\u0131r:<\/p>\n\n\n\n<ul class=\"wp-block-list\">\n<li><strong>\u00c7al\u0131\u015fma Saatleri K\u0131s\u0131tlamas\u0131:<\/strong> Okula giden \u00e7ocuklar\u0131n e\u011fitim saatleri d\u0131\u015f\u0131nda \u00e7al\u0131\u015ft\u0131r\u0131lmalar\u0131 esast\u0131r. \u00c7al\u0131\u015fma s\u00fcresi, e\u011fitim s\u00fcresiyle birlikte g\u00fcnde <strong>10 saati<\/strong> ge\u00e7emez. Okul d\u0131\u015f\u0131 d\u00f6nemlerde ise g\u00fcnl\u00fck \u00e7al\u0131\u015fma s\u00fcresi, 15 ya\u015f\u0131n\u0131 doldurmu\u015f gen\u00e7 i\u015f\u00e7iler i\u00e7in <strong>8 saat, 14 ya\u015f ve \u00fcst\u00fc \u00e7ocuklar i\u00e7in 7 saati<\/strong> ge\u00e7emez.<\/li>\n\n\n\n<li><strong>Dinlenme S\u00fcreleri:<\/strong> 18 ya\u015f\u0131ndan k\u00fc\u00e7\u00fck i\u015f\u00e7ilere, 2 saatten fazla s\u00fcren i\u015flerde en az <strong>30 dakika dinlenme molas\u0131<\/strong> verilmesi zorunludur.<\/li>\n\n\n\n<li><strong>Y\u0131ll\u0131k \u0130zin:<\/strong> Gen\u00e7 ve \u00e7ocuk i\u015f\u00e7ilere verilecek y\u0131ll\u0131k \u00fccretli izin s\u00fcresi <strong>20 g\u00fcnden az olamaz<\/strong> ve bu izin aral\u0131ks\u0131z kulland\u0131r\u0131lmal\u0131d\u0131r.<\/li>\n\n\n\n<li><strong>\u0130\u015f Sa\u011fl\u0131\u011f\u0131 ve G\u00fcvenli\u011fi:<\/strong> \u00c7al\u0131\u015facaklar\u0131 i\u015fin, fiziksel ve psikolojik geli\u015fimlerini olumsuz etkilemeyece\u011fine dair <strong>doktor raporu<\/strong> zorunludur.<\/li>\n<\/ul>\n\n\n\n<p>Unutma, bu \u015fartlardan herhangi birine uyulmamas\u0131, yasa d\u0131\u015f\u0131 \u00e7al\u0131\u015ft\u0131rma say\u0131l\u0131r ve cezai yapt\u0131r\u0131mlar\u0131 beraberinde getirir.\u00e7ocuk i\u015f\u00e7i \u00e7al\u0131\u015ft\u0131rman\u0131n cezas\u0131 nedir?<\/p>\n\n\n\n<p>\u00c7ocuk i\u015f\u00e7i \u00e7al\u0131\u015ft\u0131rman\u0131n cezas\u0131, <strong>\u0130dari Para Cezalar\u0131<\/strong> ve <strong>T\u00fcrk Ceza Kanunu (TCK) kapsam\u0131nda hapis cezalar\u0131<\/strong> olmak \u00fczere iki ana ba\u015fl\u0131kta incelenir; cezan\u0131n miktar\u0131 ve niteli\u011fi, ihlalin a\u011f\u0131rl\u0131\u011f\u0131na g\u00f6re de\u011fi\u015fir.<\/p>\n\n\n\n<h2 class=\"wp-block-heading\">\u00c7ocuk i\u015f\u00e7i \u00e7al\u0131\u015ft\u0131rman\u0131n cezas\u0131 nedir?<\/h2>\n\n\n\n<p>\u00c7ocuk i\u015f\u00e7i \u00e7al\u0131\u015ft\u0131rman\u0131n cezas\u0131, <strong>\u0130dari Para Cezalar\u0131<\/strong> ve <strong>T\u00fcrk Ceza Kanunu (TCK) kapsam\u0131nda hapis cezalar\u0131<\/strong> olmak \u00fczere iki ana ba\u015fl\u0131kta incelenir; cezan\u0131n miktar\u0131 ve niteli\u011fi, ihlalin a\u011f\u0131rl\u0131\u011f\u0131na g\u00f6re de\u011fi\u015fir.<\/p>\n\n\n\n<h3 class=\"wp-block-heading\">1. \u0130dari Para Cezas\u0131 (4857 Say\u0131l\u0131 \u0130\u015f Kanunu Kapsam\u0131nda)<\/h3>\n\n\n\n<p>\u0130\u015f Kanunu&#8217;ndaki ya\u015f ve \u015fartlara uymadan \u00e7ocuk i\u015f\u00e7i \u00e7al\u0131\u015ft\u0131ran i\u015fverenlere, her bir \u00e7ocuk i\u00e7in idari para cezas\u0131 uygulan\u0131r. Bu cezalar, \u0130\u015f M\u00fcfetti\u015fleri taraf\u0131ndan tespit edilir ve her y\u0131l art\u0131r\u0131l\u0131r.<\/p>\n\n\n\n<ul class=\"wp-block-list\">\n<li><strong>\u0130dari Para Cezas\u0131 Miktar\u0131:<\/strong> \u0130\u015f Kanunu&#8217;nun 71. maddesine ayk\u0131r\u0131 olarak 15 ya\u015f alt\u0131ndaki \u00e7ocuklar\u0131 \u00e7al\u0131\u015ft\u0131rman\u0131n cezas\u0131, her bir \u00e7ocuk ve her ayk\u0131r\u0131l\u0131k i\u00e7in <strong>binlerce liray\u0131 bulan ciddi rakamlard\u0131r<\/strong>.<\/li>\n\n\n\n<li><strong>Ayk\u0131r\u0131l\u0131k Halleri:<\/strong> Bu ceza, sadece ya\u015f s\u0131n\u0131r\u0131na uymamakla kalmaz; ayn\u0131 zamanda gen\u00e7 i\u015f\u00e7ilerin gece vardiyas\u0131nda \u00e7al\u0131\u015ft\u0131r\u0131lmas\u0131, sa\u011fl\u0131k raporu olmadan \u00e7al\u0131\u015ft\u0131r\u0131lmas\u0131 veya yasal \u00e7al\u0131\u015fma saatlerinin a\u015f\u0131lmas\u0131 gibi her bir ayk\u0131r\u0131l\u0131k i\u00e7in de ayr\u0131 ayr\u0131 kesilir.<\/li>\n<\/ul>\n\n\n\n<h3 class=\"wp-block-heading\">2. T\u00fcrk Ceza Kanunu Kapsam\u0131nda (Adli Ceza)<\/h3>\n\n\n\n<p>\u00c7ocuk i\u015f\u00e7i \u00e7al\u0131\u015ft\u0131rma, \u00f6zellikle a\u011f\u0131r ve tehlikeli durumlarda veya zorla \u00e7al\u0131\u015ft\u0131rma s\u00f6z konusu oldu\u011funda <strong>su\u00e7 te\u015fkil eder<\/strong> ve TCK h\u00fck\u00fcmleri devreye girer. \u0130\u015fveren bu durumda adli s\u00fcre\u00e7le ve hapis cezas\u0131yla kar\u015f\u0131 kar\u015f\u0131ya kal\u0131r.<\/p>\n\n\n\n<p>A\u015fa\u011f\u0131da, TCK kapsam\u0131nda kar\u015f\u0131la\u015f\u0131labilecek olas\u0131 su\u00e7lar ve cezalar\u0131 bulabilirsin:<\/p>\n\n\n\n<ul class=\"wp-block-list\">\n<li><strong>Su\u00e7: Ki\u015fiyi H\u00fcrriyetinden Yoksun K\u0131lma (TCK 109)<\/strong>\n<ul class=\"wp-block-list\">\n<li><strong>Tan\u0131m:<\/strong> \u00c7ocu\u011fu zorla \u00e7al\u0131\u015ft\u0131rmak veya i\u015fyerinde al\u0131koymak, ka\u00e7\u0131rmak.<\/li>\n\n\n\n<li><strong>Cezai Yapt\u0131r\u0131m:<\/strong> 1 y\u0131ldan 7 y\u0131la kadar <strong>hapis cezas\u0131<\/strong> (Ma\u011fdurun \u00e7ocuk olmas\u0131 nedeniyle cezan\u0131n \u00fcst s\u0131n\u0131r\u0131 art\u0131r\u0131l\u0131r).<\/li>\n<\/ul>\n<\/li>\n\n\n\n<li><strong>Su\u00e7: \u0130\u015f ve \u00c7al\u0131\u015fma H\u00fcrriyetinin \u0130hlali (TCK 117)<\/strong>\n<ul class=\"wp-block-list\">\n<li><strong>Tan\u0131m:<\/strong> \u0130\u015fveren, \u00e7ocu\u011fun kanuni \u00e7al\u0131\u015fma h\u00fcrriyetini veya yasal haklar\u0131n\u0131 (dinlenme, izin vb.) ihlal ederse.<\/li>\n\n\n\n<li><strong>Cezai Yapt\u0131r\u0131m:<\/strong> 6 aydan 2 y\u0131la kadar <strong>hapis cezas\u0131<\/strong>.<\/li>\n<\/ul>\n<\/li>\n\n\n\n<li><strong>Su\u00e7: Aileyi Koruma Y\u00fck\u00fcml\u00fcl\u00fc\u011f\u00fcn\u00fcn \u0130hlali (TCK 232)<\/strong>\n<ul class=\"wp-block-list\">\n<li><strong>Tan\u0131m:<\/strong> \u00c7ocu\u011fun bak\u0131m, e\u011fitim ve g\u00f6zetim y\u00fck\u00fcml\u00fcl\u00fc\u011f\u00fcn\u00fc (\u00f6rne\u011fin e\u011fitim saatlerinde \u00e7al\u0131\u015ft\u0131rmak) ihlal edenler i\u00e7in.<\/li>\n\n\n\n<li><strong>Cezai Yapt\u0131r\u0131m:<\/strong> 3 aydan 1 y\u0131la kadar <strong>hapis cezas\u0131<\/strong> veya adli para cezas\u0131.<\/li>\n<\/ul>\n<\/li>\n\n\n\n<li><strong>Su\u00e7: Kasten Yaralama (TCK 86)<\/strong>\n<ul class=\"wp-block-list\">\n<li><strong>Tan\u0131m:<\/strong> \u00c7ocu\u011fun \u00e7al\u0131\u015fmaya ba\u011fl\u0131 olarak fiziksel veya psikolojik zarar g\u00f6rmesi.<\/li>\n\n\n\n<li><strong>Cezai Yapt\u0131r\u0131m:<\/strong> Zarar\u0131n derecesine g\u00f6re belirlenir ve <strong>hapis cezas\u0131<\/strong> gerektirir.<\/li>\n<\/ul>\n<\/li>\n<\/ul>\n\n\n\n<p><strong>Unutma:<\/strong> \u0130\u015fveren, e\u011fer \u00e7ocu\u011fu ka\u00e7\u0131rarak veya zorla \u00e7al\u0131\u015ft\u0131rma eylemini ger\u00e7ekle\u015ftirirse, TCK&#8217;daki bu su\u00e7lardan yarg\u0131lan\u0131r ve adli siciline i\u015flenen <strong>hapis cezas\u0131<\/strong> ile kar\u015f\u0131 kar\u015f\u0131ya kal\u0131r.<\/p>\n\n\n\n<h2 class=\"wp-block-heading\">\u00c7ocuk i\u015f\u00e7i \u00e7al\u0131\u015ft\u0131ranlar nereye \u015fikayet edilir?<\/h2>\n\n\n\n<p>\u00c7ocuk i\u015f\u00e7i \u00e7al\u0131\u015ft\u0131r\u0131ld\u0131\u011f\u0131n\u0131 tespit ettiysen veya \u015f\u00fcpheleniyorsan, bu durumu bildirmen ve \u00e7ocu\u011fun korunmas\u0131n\u0131 sa\u011flaman bir vatanda\u015fl\u0131k g\u00f6revidir. <strong>\u00c7ocuk i\u015f\u00e7i \u00e7al\u0131\u015ft\u0131ran i\u015fverenler, ilgili devlet kurumlar\u0131na kolayca \u015fikayet edilebilir<\/strong> ve \u015fikayetler b\u00fcy\u00fck bir gizlilikle ele al\u0131n\u0131r.<\/p>\n\n\n\n<p>\u0130\u015fte ba\u015fl\u0131ca \u015fikayet ve ihbar kanallar\u0131:<\/p>\n\n\n\n<ul class=\"wp-block-list\">\n<li><strong>ALO 170 \u00c7al\u0131\u015fma Hayat\u0131 \u0130leti\u015fim Merkezi:<\/strong> Bu hat, Aile, \u00c7al\u0131\u015fma ve Sosyal Hizmetler Bakanl\u0131\u011f\u0131&#8217;na ba\u011fl\u0131d\u0131r ve 7\/24 hizmet verir. \u00c7ocuk i\u015f\u00e7ilikle ilgili t\u00fcm \u015fikayetleri do\u011frudan <strong>\u0130\u015f M\u00fcfetti\u015flikleri&#8217;ne<\/strong> iletir. <strong>En h\u0131zl\u0131 ve etkili y\u00f6ntemdir.<\/strong><\/li>\n\n\n\n<li><strong>C\u0130MER (Cumhurba\u015fkanl\u0131\u011f\u0131 \u0130leti\u015fim Merkezi):<\/strong> \u0130nternet \u00fczerinden veya telefonla (150) \u015fikayetini detayl\u0131ca yazabilirsin. C\u0130MER, konuyu ilgili valiliklere ve Bakanl\u0131\u011fa y\u00f6nlendirir.<\/li>\n\n\n\n<li><strong>Polis (112) veya Jandarma:<\/strong> Acil durumlar ve \u00e7ocu\u011fun istismar edildi\u011fi, zorla al\u0131konuldu\u011fu veya tehlike alt\u0131nda oldu\u011fu \u015f\u00fcphelerinde do\u011frudan kolluk kuvvetlerini ara. Bu, TCK kapsam\u0131ndaki su\u00e7lar i\u00e7in adli s\u00fcreci h\u0131zland\u0131r\u0131r.<\/li>\n\n\n\n<li><strong>B\u00f6lge \u00c7al\u0131\u015fma ve \u0130\u015f Kurumu M\u00fcd\u00fcrl\u00fckleri:<\/strong> \u0130\u015fyerinin bulundu\u011fu il veya il\u00e7edeki \u00c7al\u0131\u015fma ve \u0130\u015f Kurumu&#8217;na bizzat giderek de \u015fikayet dilek\u00e7esi verebilirsin.<\/li>\n<\/ul>\n\n\n\n<p><strong>Gizlilik Taahh\u00fcd\u00fc:<\/strong> Yapt\u0131\u011f\u0131n ihbar\u0131n kimlik bilgilerini gizli tutulur; bu sayede endi\u015fe etmeden ihbarda bulunabilirsin.<\/p>\n\n\n\n<h3 class=\"wp-block-heading\">\u00d6zet<\/h3>\n\n\n\n<p>\u00c7ocuk i\u015f\u00e7i \u00e7al\u0131\u015ft\u0131rman\u0131n cezas\u0131, \u0130\u015f Kanunu&#8217;na g\u00f6re <strong>a\u011f\u0131r idari para cezas\u0131<\/strong> ve TCK&#8217;ya g\u00f6re duruma g\u00f6re <strong>hapis cezas\u0131na<\/strong> kadar gidebilen ciddi adli yapt\u0131r\u0131mlar\u0131 i\u00e7erir. 15 ya\u015f alt\u0131 \u00e7ocuklar\u0131n \u00e7al\u0131\u015ft\u0131r\u0131lmas\u0131 yasakt\u0131r; 18 ya\u015f alt\u0131 gen\u00e7lerin \u00e7al\u0131\u015fma \u015fartlar\u0131 ise s\u0131k\u0131 kurallara tabidir. \u0130hlal durumlar\u0131n\u0131 ALO 170 veya C\u0130MER \u00fczerinden \u015fikayet edebilirsin.<\/p>\n<!-- templates\/buttons-placeholder.php -->\n<div class=\"da-reactions-outer TpostID6910\">\n\t    <div class=\"da-reactions-data da-reactions-container-async center\"\n         data-type=\"post\"\n         data-id=\"6910\"\n         id=\"da-reactions-slot-post-6910\">\n        <div class=\"da-reactions-static\">\n\t\t\t<img src=\"https:\/\/isinolsun.com\/blog\/wp-content\/plugins\/da-reactions\/assets\/dist\/loading.svg\" alt=\"Loading spinner\" width=\"48\" height=\"48\" style=\"width:48px\" \/>\n        <\/div>\n    <\/div>\n<\/div>\n","protected":false},"excerpt":{"rendered":"<p>\u00c7ocuk i\u015f\u00e7ili\u011fi, ne yaz\u0131k ki hala toplumun \u00f6nemli sorunlar\u0131ndan biri. Peki, bir \u00e7ocu\u011fu \u00e7al\u0131\u015ft\u0131rman\u0131n yasal boyutu nedir ve bu yasa\u011fa uymaman\u0131n ciddi sonu\u00e7lar\u0131 nelerdir? Bu makale, \u00f6zellikle i\u015fverenler ve konu hakk\u0131nda bilgi edinmek isteyen herkes i\u00e7in, \u00e7ocuk i\u015f\u00e7i \u00e7al\u0131\u015ft\u0131rman\u0131n hukuki sonu\u00e7lar\u0131n\u0131, ya\u015f s\u0131n\u0131rlar\u0131n\u0131 ve bu durumla kar\u015f\u0131la\u015f\u0131ld\u0131\u011f\u0131nda at\u0131lmas\u0131 gereken ad\u0131mlar\u0131 samimi ve anla\u015f\u0131l\u0131r bir dille [&hellip;]<\/p>\n<!-- templates\/buttons-placeholder.php -->\n<div class=\"da-reactions-outer TpostID6910\">\n\t    <div class=\"da-reactions-data da-reactions-container-async center\"\n         data-type=\"post\"\n         data-id=\"6910\"\n         id=\"da-reactions-slot-post-6910\">\n        <div class=\"da-reactions-static\">\n\t\t\t<img src=\"https:\/\/isinolsun.com\/blog\/wp-content\/plugins\/da-reactions\/assets\/dist\/loading.svg\" alt=\"Loading spinner\" width=\"48\" height=\"48\" style=\"width:48px\" \/>\n        <\/div>\n    <\/div>\n<\/div>\n","protected":false},"author":4,"featured_media":6911,"comment_status":"closed","ping_status":"open","sticky":false,"template":"","format":"standard","meta":{"footnotes":""},"categories":[190],"tags":[],"class_list":{"0":"post-6910","1":"post","2":"type-post","3":"status-publish","4":"format-standard","5":"has-post-thumbnail","7":"category-isveren-rehberi"},"yoast_head":"<!-- This site is optimized with the Yoast SEO plugin v26.8 - https:\/\/yoast.com\/product\/yoast-seo-wordpress\/ -->\n<title>\u00c7ocuk i\u015f\u00e7i \u00e7al\u0131\u015ft\u0131rman\u0131n cezas\u0131 nedir?<\/title>\n<meta name=\"description\" content=\"\u00c7ocuk i\u015f\u00e7i \u00e7al\u0131\u015ft\u0131rmak bir su\u00e7. Peki cezas\u0131 nedir, nereye \u015fikayet edilir? Kime \u00e7ocuk i\u015f\u00e7i denir? Hepsi yaz\u0131m\u0131zda!\" \/>\n<meta name=\"robots\" content=\"index, follow, max-snippet:-1, max-image-preview:large, max-video-preview:-1\" \/>\n<link rel=\"canonical\" href=\"https:\/\/isinolsun.com\/blog\/cocuk-isci-calistirmanin-cezasi-nedir\/\" \/>\n<meta property=\"og:locale\" content=\"tr_TR\" \/>\n<meta property=\"og:type\" content=\"article\" \/>\n<meta property=\"og:title\" content=\"\u00c7ocuk i\u015f\u00e7i \u00e7al\u0131\u015ft\u0131rman\u0131n cezas\u0131 nedir?\" \/>\n<meta property=\"og:description\" content=\"\u00c7ocuk i\u015f\u00e7i \u00e7al\u0131\u015ft\u0131rmak bir su\u00e7. Peki cezas\u0131 nedir, nereye \u015fikayet edilir? Kime \u00e7ocuk i\u015f\u00e7i denir? Hepsi yaz\u0131m\u0131zda!\" \/>\n<meta property=\"og:url\" content=\"https:\/\/isinolsun.com\/blog\/cocuk-isci-calistirmanin-cezasi-nedir\/\" \/>\n<meta property=\"og:site_name\" content=\"\u0130\u015fin Olsun | Blog\" \/>\n<meta property=\"article:published_time\" content=\"2025-11-25T08:00:18+00:00\" \/>\n<meta property=\"article:modified_time\" content=\"2025-11-25T08:00:19+00:00\" \/>\n<meta property=\"og:image\" content=\"https:\/\/isinolsun.com\/blog\/wp-content\/uploads\/2025\/11\/cocuk-isci-calistirmanin-cezasi.jpg\" \/>\n\t<meta property=\"og:image:width\" content=\"902\" \/>\n\t<meta property=\"og:image:height\" content=\"606\" \/>\n\t<meta property=\"og:image:type\" content=\"image\/jpeg\" \/>\n<meta name=\"author\" content=\"\u0130\u015fin Olsun\" \/>\n<meta name=\"twitter:card\" content=\"summary_large_image\" \/>\n<meta name=\"twitter:label1\" content=\"Yazan:\" \/>\n\t<meta name=\"twitter:data1\" content=\"\u0130\u015fin Olsun\" \/>\n\t<meta name=\"twitter:label2\" content=\"Tahmini okuma s\u00fcresi\" \/>\n\t<meta name=\"twitter:data2\" content=\"8 dakika\" \/>\n<script type=\"application\/ld+json\" class=\"yoast-schema-graph\">{\"@context\":\"https:\/\/schema.org\",\"@graph\":[{\"@type\":\"Article\",\"@id\":\"https:\/\/isinolsun.com\/blog\/cocuk-isci-calistirmanin-cezasi-nedir\/#article\",\"isPartOf\":{\"@id\":\"https:\/\/isinolsun.com\/blog\/cocuk-isci-calistirmanin-cezasi-nedir\/\"},\"author\":{\"name\":\"\u0130\u015fin Olsun\",\"@id\":\"https:\/\/isinolsun.com\/blog\/#\/schema\/person\/606f5f96303475d659c6a6db7b333179\"},\"headline\":\"\u00c7ocuk i\u015f\u00e7i \u00e7al\u0131\u015ft\u0131rman\u0131n cezas\u0131 nedir?\",\"datePublished\":\"2025-11-25T08:00:18+00:00\",\"dateModified\":\"2025-11-25T08:00:19+00:00\",\"mainEntityOfPage\":{\"@id\":\"https:\/\/isinolsun.com\/blog\/cocuk-isci-calistirmanin-cezasi-nedir\/\"},\"wordCount\":1701,\"image\":{\"@id\":\"https:\/\/isinolsun.com\/blog\/cocuk-isci-calistirmanin-cezasi-nedir\/#primaryimage\"},\"thumbnailUrl\":\"https:\/\/isinolsun.com\/blog\/wp-content\/uploads\/2025\/11\/cocuk-isci-calistirmanin-cezasi.jpg\",\"articleSection\":[\"\u0130\u015fveren Rehberi\"],\"inLanguage\":\"tr\"},{\"@type\":\"WebPage\",\"@id\":\"https:\/\/isinolsun.com\/blog\/cocuk-isci-calistirmanin-cezasi-nedir\/\",\"url\":\"https:\/\/isinolsun.com\/blog\/cocuk-isci-calistirmanin-cezasi-nedir\/\",\"name\":\"\u00c7ocuk i\u015f\u00e7i \u00e7al\u0131\u015ft\u0131rman\u0131n cezas\u0131 nedir?\",\"isPartOf\":{\"@id\":\"https:\/\/isinolsun.com\/blog\/#website\"},\"primaryImageOfPage\":{\"@id\":\"https:\/\/isinolsun.com\/blog\/cocuk-isci-calistirmanin-cezasi-nedir\/#primaryimage\"},\"image\":{\"@id\":\"https:\/\/isinolsun.com\/blog\/cocuk-isci-calistirmanin-cezasi-nedir\/#primaryimage\"},\"thumbnailUrl\":\"https:\/\/isinolsun.com\/blog\/wp-content\/uploads\/2025\/11\/cocuk-isci-calistirmanin-cezasi.jpg\",\"dateModified\":\"2025-11-25T08:00:19+00:00\",\"author\":{\"@id\":\"https:\/\/isinolsun.com\/blog\/#\/schema\/person\/606f5f96303475d659c6a6db7b333179\"},\"description\":\"\u00c7ocuk i\u015f\u00e7i \u00e7al\u0131\u015ft\u0131rmak bir su\u00e7. Peki cezas\u0131 nedir, nereye \u015fikayet edilir? Kime \u00e7ocuk i\u015f\u00e7i denir? Hepsi yaz\u0131m\u0131zda!\",\"breadcrumb\":{\"@id\":\"https:\/\/isinolsun.com\/blog\/cocuk-isci-calistirmanin-cezasi-nedir\/#breadcrumb\"},\"inLanguage\":\"tr\",\"potentialAction\":[{\"@type\":\"ReadAction\",\"target\":[\"https:\/\/isinolsun.com\/blog\/cocuk-isci-calistirmanin-cezasi-nedir\/\"]}]},{\"@type\":\"ImageObject\",\"inLanguage\":\"tr\",\"@id\":\"https:\/\/isinolsun.com\/blog\/cocuk-isci-calistirmanin-cezasi-nedir\/#primaryimage\",\"url\":\"https:\/\/isinolsun.com\/blog\/wp-content\/uploads\/2025\/11\/cocuk-isci-calistirmanin-cezasi.jpg\",\"contentUrl\":\"https:\/\/isinolsun.com\/blog\/wp-content\/uploads\/2025\/11\/cocuk-isci-calistirmanin-cezasi.jpg\",\"width\":902,\"height\":606},{\"@type\":\"BreadcrumbList\",\"@id\":\"https:\/\/isinolsun.com\/blog\/cocuk-isci-calistirmanin-cezasi-nedir\/#breadcrumb\",\"itemListElement\":[{\"@type\":\"ListItem\",\"position\":1,\"name\":\"Anasayfa\",\"item\":\"https:\/\/isinolsun.com\/blog\/\"},{\"@type\":\"ListItem\",\"position\":2,\"name\":\"\u00c7ocuk i\u015f\u00e7i \u00e7al\u0131\u015ft\u0131rman\u0131n cezas\u0131 nedir?\"}]},{\"@type\":\"WebSite\",\"@id\":\"https:\/\/isinolsun.com\/blog\/#website\",\"url\":\"https:\/\/isinolsun.com\/blog\/\",\"name\":\"\u0130\u015fin Olsun | Blog\",\"description\":\"\",\"potentialAction\":[{\"@type\":\"SearchAction\",\"target\":{\"@type\":\"EntryPoint\",\"urlTemplate\":\"https:\/\/isinolsun.com\/blog\/?s={search_term_string}\"},\"query-input\":{\"@type\":\"PropertyValueSpecification\",\"valueRequired\":true,\"valueName\":\"search_term_string\"}}],\"inLanguage\":\"tr\"},{\"@type\":\"Person\",\"@id\":\"https:\/\/isinolsun.com\/blog\/#\/schema\/person\/606f5f96303475d659c6a6db7b333179\",\"name\":\"\u0130\u015fin Olsun\",\"image\":{\"@type\":\"ImageObject\",\"inLanguage\":\"tr\",\"@id\":\"https:\/\/isinolsun.com\/blog\/#\/schema\/person\/image\/\",\"url\":\"https:\/\/secure.gravatar.com\/avatar\/5f63bec55ceb4372c3a37b8d3749145726d83d89afd5df1d133f8345322f1e19?s=96&d=mm&r=g\",\"contentUrl\":\"https:\/\/secure.gravatar.com\/avatar\/5f63bec55ceb4372c3a37b8d3749145726d83d89afd5df1d133f8345322f1e19?s=96&d=mm&r=g\",\"caption\":\"\u0130\u015fin Olsun\"},\"sameAs\":[\"https:\/\/isinolsun.com\"],\"url\":\"https:\/\/isinolsun.com\/blog\/author\/isinolsun\/\"}]}<\/script>\n<!-- \/ Yoast SEO plugin. -->","yoast_head_json":{"title":"\u00c7ocuk i\u015f\u00e7i \u00e7al\u0131\u015ft\u0131rman\u0131n cezas\u0131 nedir?","description":"\u00c7ocuk i\u015f\u00e7i \u00e7al\u0131\u015ft\u0131rmak bir su\u00e7. Peki cezas\u0131 nedir, nereye \u015fikayet edilir? Kime \u00e7ocuk i\u015f\u00e7i denir? Hepsi yaz\u0131m\u0131zda!","robots":{"index":"index","follow":"follow","max-snippet":"max-snippet:-1","max-image-preview":"max-image-preview:large","max-video-preview":"max-video-preview:-1"},"canonical":"https:\/\/isinolsun.com\/blog\/cocuk-isci-calistirmanin-cezasi-nedir\/","og_locale":"tr_TR","og_type":"article","og_title":"\u00c7ocuk i\u015f\u00e7i \u00e7al\u0131\u015ft\u0131rman\u0131n cezas\u0131 nedir?","og_description":"\u00c7ocuk i\u015f\u00e7i \u00e7al\u0131\u015ft\u0131rmak bir su\u00e7. Peki cezas\u0131 nedir, nereye \u015fikayet edilir? Kime \u00e7ocuk i\u015f\u00e7i denir? Hepsi yaz\u0131m\u0131zda!","og_url":"https:\/\/isinolsun.com\/blog\/cocuk-isci-calistirmanin-cezasi-nedir\/","og_site_name":"\u0130\u015fin Olsun | Blog","article_published_time":"2025-11-25T08:00:18+00:00","article_modified_time":"2025-11-25T08:00:19+00:00","og_image":[{"width":902,"height":606,"url":"https:\/\/isinolsun.com\/blog\/wp-content\/uploads\/2025\/11\/cocuk-isci-calistirmanin-cezasi.jpg","type":"image\/jpeg"}],"author":"\u0130\u015fin Olsun","twitter_card":"summary_large_image","twitter_misc":{"Yazan:":"\u0130\u015fin Olsun","Tahmini okuma s\u00fcresi":"8 dakika"},"schema":{"@context":"https:\/\/schema.org","@graph":[{"@type":"Article","@id":"https:\/\/isinolsun.com\/blog\/cocuk-isci-calistirmanin-cezasi-nedir\/#article","isPartOf":{"@id":"https:\/\/isinolsun.com\/blog\/cocuk-isci-calistirmanin-cezasi-nedir\/"},"author":{"name":"\u0130\u015fin Olsun","@id":"https:\/\/isinolsun.com\/blog\/#\/schema\/person\/606f5f96303475d659c6a6db7b333179"},"headline":"\u00c7ocuk i\u015f\u00e7i \u00e7al\u0131\u015ft\u0131rman\u0131n cezas\u0131 nedir?","datePublished":"2025-11-25T08:00:18+00:00","dateModified":"2025-11-25T08:00:19+00:00","mainEntityOfPage":{"@id":"https:\/\/isinolsun.com\/blog\/cocuk-isci-calistirmanin-cezasi-nedir\/"},"wordCount":1701,"image":{"@id":"https:\/\/isinolsun.com\/blog\/cocuk-isci-calistirmanin-cezasi-nedir\/#primaryimage"},"thumbnailUrl":"https:\/\/isinolsun.com\/blog\/wp-content\/uploads\/2025\/11\/cocuk-isci-calistirmanin-cezasi.jpg","articleSection":["\u0130\u015fveren Rehberi"],"inLanguage":"tr"},{"@type":"WebPage","@id":"https:\/\/isinolsun.com\/blog\/cocuk-isci-calistirmanin-cezasi-nedir\/","url":"https:\/\/isinolsun.com\/blog\/cocuk-isci-calistirmanin-cezasi-nedir\/","name":"\u00c7ocuk i\u015f\u00e7i \u00e7al\u0131\u015ft\u0131rman\u0131n cezas\u0131 nedir?","isPartOf":{"@id":"https:\/\/isinolsun.com\/blog\/#website"},"primaryImageOfPage":{"@id":"https:\/\/isinolsun.com\/blog\/cocuk-isci-calistirmanin-cezasi-nedir\/#primaryimage"},"image":{"@id":"https:\/\/isinolsun.com\/blog\/cocuk-isci-calistirmanin-cezasi-nedir\/#primaryimage"},"thumbnailUrl":"https:\/\/isinolsun.com\/blog\/wp-content\/uploads\/2025\/11\/cocuk-isci-calistirmanin-cezasi.jpg","dateModified":"2025-11-25T08:00:19+00:00","author":{"@id":"https:\/\/isinolsun.com\/blog\/#\/schema\/person\/606f5f96303475d659c6a6db7b333179"},"description":"\u00c7ocuk i\u015f\u00e7i \u00e7al\u0131\u015ft\u0131rmak bir su\u00e7. Peki cezas\u0131 nedir, nereye \u015fikayet edilir? Kime \u00e7ocuk i\u015f\u00e7i denir? Hepsi yaz\u0131m\u0131zda!","breadcrumb":{"@id":"https:\/\/isinolsun.com\/blog\/cocuk-isci-calistirmanin-cezasi-nedir\/#breadcrumb"},"inLanguage":"tr","potentialAction":[{"@type":"ReadAction","target":["https:\/\/isinolsun.com\/blog\/cocuk-isci-calistirmanin-cezasi-nedir\/"]}]},{"@type":"ImageObject","inLanguage":"tr","@id":"https:\/\/isinolsun.com\/blog\/cocuk-isci-calistirmanin-cezasi-nedir\/#primaryimage","url":"https:\/\/isinolsun.com\/blog\/wp-content\/uploads\/2025\/11\/cocuk-isci-calistirmanin-cezasi.jpg","contentUrl":"https:\/\/isinolsun.com\/blog\/wp-content\/uploads\/2025\/11\/cocuk-isci-calistirmanin-cezasi.jpg","width":902,"height":606},{"@type":"BreadcrumbList","@id":"https:\/\/isinolsun.com\/blog\/cocuk-isci-calistirmanin-cezasi-nedir\/#breadcrumb","itemListElement":[{"@type":"ListItem","position":1,"name":"Anasayfa","item":"https:\/\/isinolsun.com\/blog\/"},{"@type":"ListItem","position":2,"name":"\u00c7ocuk i\u015f\u00e7i \u00e7al\u0131\u015ft\u0131rman\u0131n cezas\u0131 nedir?"}]},{"@type":"WebSite","@id":"https:\/\/isinolsun.com\/blog\/#website","url":"https:\/\/isinolsun.com\/blog\/","name":"\u0130\u015fin Olsun | Blog","description":"","potentialAction":[{"@type":"SearchAction","target":{"@type":"EntryPoint","urlTemplate":"https:\/\/isinolsun.com\/blog\/?s={search_term_string}"},"query-input":{"@type":"PropertyValueSpecification","valueRequired":true,"valueName":"search_term_string"}}],"inLanguage":"tr"},{"@type":"Person","@id":"https:\/\/isinolsun.com\/blog\/#\/schema\/person\/606f5f96303475d659c6a6db7b333179","name":"\u0130\u015fin Olsun","image":{"@type":"ImageObject","inLanguage":"tr","@id":"https:\/\/isinolsun.com\/blog\/#\/schema\/person\/image\/","url":"https:\/\/secure.gravatar.com\/avatar\/5f63bec55ceb4372c3a37b8d3749145726d83d89afd5df1d133f8345322f1e19?s=96&d=mm&r=g","contentUrl":"https:\/\/secure.gravatar.com\/avatar\/5f63bec55ceb4372c3a37b8d3749145726d83d89afd5df1d133f8345322f1e19?s=96&d=mm&r=g","caption":"\u0130\u015fin Olsun"},"sameAs":["https:\/\/isinolsun.com"],"url":"https:\/\/isinolsun.com\/blog\/author\/isinolsun\/"}]}},"_links":{"self":[{"href":"https:\/\/isinolsun.com\/blog\/wp-json\/wp\/v2\/posts\/6910","targetHints":{"allow":["GET"]}}],"collection":[{"href":"https:\/\/isinolsun.com\/blog\/wp-json\/wp\/v2\/posts"}],"about":[{"href":"https:\/\/isinolsun.com\/blog\/wp-json\/wp\/v2\/types\/post"}],"author":[{"embeddable":true,"href":"https:\/\/isinolsun.com\/blog\/wp-json\/wp\/v2\/users\/4"}],"replies":[{"embeddable":true,"href":"https:\/\/isinolsun.com\/blog\/wp-json\/wp\/v2\/comments?post=6910"}],"version-history":[{"count":1,"href":"https:\/\/isinolsun.com\/blog\/wp-json\/wp\/v2\/posts\/6910\/revisions"}],"predecessor-version":[{"id":6912,"href":"https:\/\/isinolsun.com\/blog\/wp-json\/wp\/v2\/posts\/6910\/revisions\/6912"}],"wp:featuredmedia":[{"embeddable":true,"href":"https:\/\/isinolsun.com\/blog\/wp-json\/wp\/v2\/media\/6911"}],"wp:attachment":[{"href":"https:\/\/isinolsun.com\/blog\/wp-json\/wp\/v2\/media?parent=6910"}],"wp:term":[{"taxonomy":"category","embeddable":true,"href":"https:\/\/isinolsun.com\/blog\/wp-json\/wp\/v2\/categories?post=6910"},{"taxonomy":"post_tag","embeddable":true,"href":"https:\/\/isinolsun.com\/blog\/wp-json\/wp\/v2\/tags?post=6910"}],"curies":[{"name":"wp","href":"https:\/\/api.w.org\/{rel}","templated":true}]}}