{"id":5645,"date":"2025-06-25T16:08:42","date_gmt":"2025-06-25T13:08:42","guid":{"rendered":"https:\/\/isinolsun.com\/blog\/?p=5645"},"modified":"2025-06-30T10:42:48","modified_gmt":"2025-06-30T07:42:48","slug":"afad-gonullusu-nasil-olunur","status":"publish","type":"post","link":"https:\/\/isinolsun.com\/blog\/afad-gonullusu-nasil-olunur\/","title":{"rendered":"AFAD g\u00f6n\u00fcll\u00fcs\u00fc nas\u0131l olunur?"},"content":{"rendered":"\n<p><strong>T\u00fcrkiye, deprem, sel ve yang\u0131n gibi do\u011fal afetlerle s\u0131k\u00e7a kar\u015f\u0131 kar\u015f\u0131ya kalan bir \u00fclke. Bu afetlerde h\u0131zl\u0131 ve etkili m\u00fcdahale i\u00e7in Afet ve Acil Durum Y\u00f6netimi Ba\u015fkanl\u0131\u011f\u0131 (AFAD) g\u00f6n\u00fcll\u00fclerine b\u00fcy\u00fck ihtiya\u00e7 duyuluyor. AFAD g\u00f6n\u00fcll\u00fcs\u00fc olmak, toplum dayan\u0131\u015fmas\u0131na katk\u0131da bulunman\u0131n yan\u0131 s\u0131ra afet \u00f6ncesi, s\u0131ras\u0131 ve sonras\u0131nda hayat kurtaran bir rol \u00fcstlenmek anlam\u0131na geliyor. Peki, afad g\u00f6n\u00fcll\u00fcs\u00fc nas\u0131l olunur? Bu yaz\u0131da, AFAD g\u00f6n\u00fcll\u00fclerinden biri olma s\u00fcrecini, ba\u015fvuru ad\u0131mlar\u0131n\u0131, e\u011fitimleri ve g\u00f6revleri detayl\u0131ca ele alaca\u011f\u0131z.<\/strong><\/p>\n\n\n\n<h2 class=\"wp-block-heading\">AFAD g\u00f6n\u00fcll\u00fcs\u00fc kimdir?<\/h2>\n\n\n\n<p>AFAD g\u00f6n\u00fcll\u00fcs\u00fc, afet ve acil durumlarda hi\u00e7bir maddi beklenti olmadan, sadece topluma fayda sa\u011flamak amac\u0131yla zaman\u0131n\u0131, eme\u011fini ve bilgi birikimini ortaya koyan bireylerdir. G\u00f6n\u00fcll\u00fcler, profesyonel AFAD ekipleriyle koordineli \u00e7al\u0131\u015farak arama kurtarma, ilk yard\u0131m, yang\u0131n m\u00fcdahalesi ve psikososyal destek gibi alanlarda \u00f6nemli roller \u00fcstlenir. <strong>Afad nas\u0131l olunur<\/strong> sorusunun cevab\u0131, bu g\u00f6n\u00fcll\u00fcl\u00fck ruhunu ta\u015f\u0131mak ve gerekli e\u011fitimleri tamamlamaktan ge\u00e7iyor.<\/p>\n\n\n\n<h3 class=\"wp-block-heading\">AFAD g\u00f6n\u00fcll\u00fcs\u00fc olma \u015fartlar\u0131<\/h3>\n\n\n\n<p>AFAD g\u00f6n\u00fcll\u00fcs\u00fc olmak i\u00e7in baz\u0131 temel \u015fartlar bulunuyor. Bu \u015fartlar, g\u00f6n\u00fcll\u00fclerin afet ve acil durumlara uygun \u015fekilde haz\u0131rlanmas\u0131n\u0131 sa\u011flamay\u0131 ama\u00e7l\u0131yor:<\/p>\n\n\n\n<ul class=\"wp-block-list\">\n<li><strong>Ya\u015f S\u0131n\u0131r\u0131<\/strong>: Temel AFAD g\u00f6n\u00fcll\u00fcs\u00fc olmak i\u00e7in 15 ya\u015f\u0131n\u0131 doldurmu\u015f ve T\u00fcrkiye Cumhuriyeti vatanda\u015f\u0131 olmak yeterlidir. Ancak, Destek ve Uzman AFAD g\u00f6n\u00fcll\u00fcs\u00fc e\u011fitimlerine kat\u0131labilmek i\u00e7in 18 ya\u015f\u0131n\u0131 doldurmu\u015f olmak gerekiyor.<\/li>\n\n\n\n<li><strong>Sa\u011fl\u0131k Durumu<\/strong>: G\u00f6n\u00fcll\u00fclerin, saha \u00e7al\u0131\u015fmalar\u0131na ve seyahate uygun sa\u011fl\u0131k ko\u015fullar\u0131na sahip olmas\u0131 bekleniyor.<\/li>\n\n\n\n<li><strong>E-Devlet \u015eifresi<\/strong>: Ba\u015fvurular e-Devlet \u00fczerinden yap\u0131ld\u0131\u011f\u0131 i\u00e7in aktif bir e-Devlet \u015fifresi gerekiyor.<\/li>\n<\/ul>\n\n\n\n<p><strong>Afad g\u00f6n\u00fcll\u00fcs\u00fc nas\u0131l olunur<\/strong> sorusunun ilk ad\u0131m\u0131, bu \u015fartlar\u0131 kar\u015f\u0131layarak e-Devlet \u00fczerinden ba\u015fvuru yapmakt\u0131r.<\/p>\n\n\n\n<h2 class=\"wp-block-heading\">AFAD g\u00f6n\u00fcll\u00fcs\u00fc ba\u015fvuru s\u00fcreci<\/h2>\n\n\n\n<p><strong>Afad nas\u0131l olunur<\/strong> sorusunun temel cevab\u0131, ba\u015fvuru s\u00fcrecinde yat\u0131yor. AFAD g\u00f6n\u00fcll\u00fcleri i\u00e7in ba\u015fvuru ad\u0131mlar\u0131 olduk\u00e7a basit ve eri\u015filebilir:<\/p>\n\n\n\n<ol class=\"wp-block-list\">\n<li><strong>E-Devlet \u00dczerinden Ba\u015fvuru<\/strong>: AFAD g\u00f6n\u00fcll\u00fcl\u00fck ba\u015fvurular\u0131, e-Devlet platformu \u00fczerinden yap\u0131l\u0131r. \u201cAFAD G\u00f6n\u00fcll\u00fcl\u00fck Ba\u015fvurusu ve Takibi\u201d hizmetini se\u00e7erek ba\u015fvuru formunu doldurabilirsiniz.<\/li>\n\n\n\n<li><strong>De\u011ferlendirme S\u00fcreci<\/strong>: Ba\u015fvurunuz al\u0131nd\u0131ktan sonra genellikle 1-7 g\u00fcn i\u00e7inde de\u011ferlendirilir ve onay SMS\u2019i ile bilgilendirilirsiniz. Onay al\u0131nd\u0131\u011f\u0131nda, size bir kullan\u0131c\u0131 ad\u0131 (T.C. kimlik numaran\u0131z) ve ge\u00e7ici \u015fifre g\u00f6nderilir.<\/li>\n\n\n\n<li><strong>Sisteme Giri\u015f<\/strong>: gonullu.afad.gov.tr adresinden sisteme giri\u015f yaparak profilinizi tamamlaman\u0131z gerekir.<\/li>\n<\/ol>\n\n\n\n<p>Ba\u015fvuru sonras\u0131, g\u00f6n\u00fcll\u00fclerin e\u011fitim s\u00fcrecine kat\u0131lmas\u0131 beklenir. Bu s\u00fcre\u00e7, afetlere haz\u0131rl\u0131k ve m\u00fcdahale becerilerini geli\u015ftirmek i\u00e7in tasarlanm\u0131\u015ft\u0131r.<\/p>\n\n\n\n<h2 class=\"wp-block-heading\">AFAD g\u00f6n\u00fcll\u00fcl\u00fck e\u011fitim program\u0131<\/h2>\n\n\n\n<p>AFAD g\u00f6n\u00fcll\u00fcleri, afetlere haz\u0131rl\u0131k ve m\u00fcdahale i\u00e7in kapsaml\u0131 bir e\u011fitim s\u00fcrecinden ge\u00e7er. E\u011fitimler, \u00e7evrimi\u00e7i, y\u00fcz y\u00fcze ve saha e\u011fitimleri olmak \u00fczere \u00fc\u00e7 mod\u00fclden olu\u015fur. <strong>Afad arama kurtarma nas\u0131l olunur<\/strong> sorusunun cevab\u0131 da bu e\u011fitimlerde yat\u0131yor.<\/p>\n\n\n\n<h3 class=\"wp-block-heading\">1. Temel AFAD g\u00f6n\u00fcll\u00fcs\u00fc e\u011fitimi<\/h3>\n\n\n\n<ul class=\"wp-block-list\">\n<li><strong>\u00c7evrimi\u00e7i E\u011fitimler<\/strong>: AFAD g\u00f6n\u00fcll\u00fcl\u00fck sistemine giri\u015f yapan herkes, afet fark\u0131ndal\u0131\u011f\u0131, yang\u0131n, tahliye ve ilk yard\u0131m gibi temel konularda \u00e7evrimi\u00e7i e\u011fitimler al\u0131r. Bu e\u011fitimler, afetlerle ilgili temel kavramlar\u0131 \u00f6\u011frenmenizi sa\u011flar.<\/li>\n\n\n\n<li><strong>Kimler Kat\u0131labilir?<\/strong>: 15 ya\u015f\u0131n\u0131 doldurmu\u015f t\u00fcm T.C. vatanda\u015flar\u0131 bu e\u011fitimlere kat\u0131labilir.<\/li>\n\n\n\n<li><strong>Hedef<\/strong>: Toplumda afet bilincini art\u0131rmak ve g\u00f6n\u00fcll\u00fcleri temel m\u00fcdahale becerileriyle donatmak.<\/li>\n<\/ul>\n\n\n\n<h3 class=\"wp-block-heading\">2. Destek AFAD g\u00f6n\u00fcll\u00fcs\u00fc e\u011fitimi<\/h3>\n\n\n\n<ul class=\"wp-block-list\">\n<li><strong>Y\u00fcz Y\u00fcze E\u011fitimler<\/strong>: Arama kurtarma, ilk yard\u0131m, yang\u0131n m\u00fcdahalesi ve sosyal yard\u0131m gibi alanlarda \u0130l M\u00fcd\u00fcrl\u00fckleri taraf\u0131ndan d\u00fczenlenen y\u00fcz y\u00fcze e\u011fitimlerdir. Bu e\u011fitimlere kat\u0131lmak i\u00e7in 18 ya\u015f\u0131n\u0131 doldurmu\u015f olmak gerekir.<\/li>\n\n\n\n<li><strong>Ba\u015far\u0131 \u015eart\u0131<\/strong>: E\u011fitimlerde yasal mevzuatlara uygun ba\u015far\u0131 oran\u0131n\u0131 sa\u011flamak gerekiyor.<\/li>\n<\/ul>\n\n\n\n<p><strong>Afad arama kurtarma nas\u0131l olunur<\/strong> sorusu i\u00e7in bu e\u011fitimler kritik \u00f6nem ta\u015f\u0131r. Arama kurtarma alan\u0131nda yetkinle\u015fmek isteyen g\u00f6n\u00fcll\u00fcler, bu e\u011fitimleri ba\u015far\u0131yla tamamlamal\u0131 veya ilgili alanda ge\u00e7erli bir belge sunmal\u0131d\u0131r.<\/p>\n\n\n\n<h3 class=\"wp-block-heading\">3. Uzman AFAD g\u00f6n\u00fcll\u00fcs\u00fc e\u011fitimi<\/h3>\n\n\n\n<ul class=\"wp-block-list\">\n<li><strong>Uzmanl\u0131k Alanlar\u0131<\/strong>: Haberle\u015fme, psikiyatri, terc\u00fcme gibi \u00f6zel alanlarda kariyer sahibi olanlar, bu alanlarda g\u00f6n\u00fcll\u00fc katk\u0131 sa\u011flayabilir. \u00d6rne\u011fin, bir psikiyatrist veya terc\u00fcman, uzmanl\u0131k alan\u0131na uygun g\u00f6revlerde yer alabilir.<\/li>\n\n\n\n<li><strong>Kimler Kat\u0131labilir?<\/strong>: 18 ya\u015f\u0131n\u0131 doldurmu\u015f ve ilgili alanda profesyonel deneyimi olan g\u00f6n\u00fcll\u00fcler.<\/li>\n<\/ul>\n\n\n\n<p><strong>Afad g\u00f6n\u00fcll\u00fcs\u00fc nas\u0131l olunur<\/strong> sorusunun bir di\u011fer cevab\u0131, uzmanl\u0131k alan\u0131n\u0131za g\u00f6re bu e\u011fitimlere kat\u0131larak daha spesifik g\u00f6revler \u00fcstlenmektir.<\/p>\n\n\n\n<h2 class=\"wp-block-heading\">AFAD g\u00f6n\u00fcll\u00fcs\u00fc g\u00f6rev ve sorumluluklar\u0131<\/h2>\n\n\n\n<p>AFAD g\u00f6n\u00fcll\u00fcleri, afet \u00f6ncesi, s\u0131ras\u0131 ve sonras\u0131nda \u00e7e\u015fitli g\u00f6revler \u00fcstlenir. Bu g\u00f6revler, bireysel veya koordinat\u00f6r e\u015fli\u011finde toplu olarak ger\u00e7ekle\u015ftirilebilir:<\/p>\n\n\n\n<ul class=\"wp-block-list\">\n<li><strong>Arama Kurtarma<\/strong>: Enkaz alt\u0131nda kalanlar\u0131 kurtarma veya do\u011fada kaybolanlar\u0131 bulma gibi kritik g\u00f6revler.<\/li>\n\n\n\n<li><strong>\u0130lk Yard\u0131m ve Psikososyal Destek<\/strong>: Afetzedelere ilk yard\u0131m sa\u011flamak veya psikolojik destek sunmak.<\/li>\n\n\n\n<li><strong>Sosyal Faaliyetler<\/strong>: Kan ba\u011f\u0131\u015f\u0131, fidan dikimi, huzurevi ziyaretleri gibi toplumsal dayan\u0131\u015fmay\u0131 g\u00fc\u00e7lendiren etkinlikler.<\/li>\n\n\n\n<li><strong>Lojistik Destek<\/strong>: Malzeme ve ekipmanlar\u0131n afet b\u00f6lgesine ula\u015ft\u0131r\u0131lmas\u0131nda yard\u0131mc\u0131 olmak.<\/li>\n<\/ul>\n\n\n\n<p>G\u00f6n\u00fcll\u00fcler, bu g\u00f6revlerde din, dil, \u0131rk ve cinsiyet ayr\u0131m\u0131 yapmadan adalet ve e\u015fitlik ilkelerine ba\u011fl\u0131 kal\u0131r. G\u00f6\u00e7\u00fck, <strong>orman yang\u0131n\u0131<\/strong>, sel gibi do\u011fal afet durumlar\u0131nda AFAD ekiplerini g\u00f6rev alanlar\u0131nda g\u00f6rebilirsiniz.<\/p>\n\n\n\n<h2 class=\"wp-block-heading\">AFAD \u00e7al\u0131\u015fan\u0131, personeli veya memuru nas\u0131l olunur?<\/h2>\n\n\n\n<p>AFAD g\u00f6n\u00fcll\u00fcs\u00fc olman\u0131n yan\u0131 s\u0131ra, <strong>afad \u00e7al\u0131\u015fan\u0131 nas\u0131l olunur<\/strong>, <strong>afad personeli nas\u0131l olunur<\/strong> veya <strong>afad memuru nas\u0131l olunur<\/strong> sorular\u0131na yan\u0131t arayanlar i\u00e7in s\u00fcre\u00e7 farkl\u0131d\u0131r. AFAD\u2019da profesyonel olarak \u00e7al\u0131\u015fmak isteyenler, genellikle devlet memurlu\u011fu veya s\u00f6zle\u015fmeli personel stat\u00fcs\u00fcnde g\u00f6rev al\u0131r:<\/p>\n\n\n\n<ul class=\"wp-block-list\">\n<li><strong>S\u00f6zle\u015fmeli Arama ve Kurtarma Teknisyeni<\/strong>: AFAD, belirli d\u00f6nemlerde s\u00f6zle\u015fmeli personel al\u0131m\u0131 yapar. Bu al\u0131mlar, 657 say\u0131l\u0131 Devlet Memurlar\u0131 Kanunu\u2019na g\u00f6re d\u00fczenlenir ve genellikle uygulama ve s\u00f6zl\u00fc s\u0131navlarla yap\u0131l\u0131r.<\/li>\n\n\n\n<li><strong>Memur Al\u0131m\u0131<\/strong>: AFAD memuru olmak i\u00e7in KPSS (Kamu Personeli Se\u00e7me S\u0131nav\u0131) puan\u0131yla ba\u015fvurular yap\u0131l\u0131r. \u0130lgili ilanlar, Resmi Gazete veya AFAD\u2019\u0131n resmi web sitesinde (www.afad.gov.tr) yay\u0131nlan\u0131r.<\/li>\n\n\n\n<li><strong>Uzman Personel<\/strong>: AFAD\u2019da uzmanla\u015fm\u0131\u015f alanlarda (\u00f6rne\u011fin, KBRN tehditleri, su alt\u0131 arama kurtarma) \u00e7al\u0131\u015fmak i\u00e7in ilgili alanda e\u011fitim ve deneyim \u015fartt\u0131r.<\/li>\n<\/ul>\n\n\n\n<p><strong>Afad \u00e7al\u0131\u015fan\u0131 nas\u0131l olunur<\/strong> sorusu i\u00e7in, AFAD\u2019\u0131n resmi duyurular\u0131n\u0131 takip etmek ve gerekli s\u0131navlara haz\u0131rlanmak \u00f6nemlidir.<\/p>\n\n\n\n<h2 class=\"wp-block-heading\">AFAD g\u00f6n\u00fcll\u00fcs\u00fc olman\u0131n avantajlar\u0131<\/h2>\n\n\n\n<p>AFAD g\u00f6n\u00fcll\u00fcs\u00fc olmak, sadece topluma katk\u0131 sa\u011flamakla kalmaz, ayn\u0131 zamanda ki\u015fisel geli\u015fime de katk\u0131da bulunur:<\/p>\n\n\n\n<ul class=\"wp-block-list\">\n<li><strong>E\u011fitim ve Sertifikalar<\/strong>: Tamamlanan her e\u011fitim i\u00e7in sertifika ve hediye puanlar\u0131 kazan\u0131l\u0131r. Bu puanlarla AFAD \u00e7antas\u0131, matara, \u00e7ak\u0131-fener seti gibi \u00fcr\u00fcnler al\u0131nabilir.<\/li>\n\n\n\n<li><strong>Toplumsal Dayan\u0131\u015fma<\/strong>: G\u00f6n\u00fcll\u00fcler, huzurevi ziyaretleri, fidan dikimi gibi sosyal faaliyetlerle toplumsal ba\u011flar\u0131 g\u00fc\u00e7lendirir.<\/li>\n\n\n\n<li><strong>Afetlere Haz\u0131rl\u0131k<\/strong>: E\u011fitimler sayesinde kendiniz ve \u00e7evreniz i\u00e7in afetlere kar\u015f\u0131 daha bilin\u00e7li ve haz\u0131rl\u0131kl\u0131 olursunuz.<\/li>\n<\/ul>\n<!-- templates\/buttons-placeholder.php -->\n<div class=\"da-reactions-outer TpostID5645\">\n\t    <div class=\"da-reactions-data da-reactions-container-async center\"\n         data-type=\"post\"\n         data-id=\"5645\"\n         id=\"da-reactions-slot-post-5645\">\n        <div class=\"da-reactions-static\">\n\t\t\t<img src=\"https:\/\/isinolsun.com\/blog\/wp-content\/plugins\/da-reactions\/assets\/dist\/loading.svg\" alt=\"Loading spinner\" width=\"48\" height=\"48\" style=\"width:48px\" \/>\n        <\/div>\n    <\/div>\n<\/div>\n","protected":false},"excerpt":{"rendered":"<p>T\u00fcrkiye, deprem, sel ve yang\u0131n gibi do\u011fal afetlerle s\u0131k\u00e7a kar\u015f\u0131 kar\u015f\u0131ya kalan bir \u00fclke. Bu afetlerde h\u0131zl\u0131 ve etkili m\u00fcdahale i\u00e7in Afet ve Acil Durum Y\u00f6netimi Ba\u015fkanl\u0131\u011f\u0131 (AFAD) g\u00f6n\u00fcll\u00fclerine b\u00fcy\u00fck ihtiya\u00e7 duyuluyor. AFAD g\u00f6n\u00fcll\u00fcs\u00fc olmak, toplum dayan\u0131\u015fmas\u0131na katk\u0131da bulunman\u0131n yan\u0131 s\u0131ra afet \u00f6ncesi, s\u0131ras\u0131 ve sonras\u0131nda hayat kurtaran bir rol \u00fcstlenmek anlam\u0131na geliyor. Peki, afad [&hellip;]<\/p>\n<!-- templates\/buttons-placeholder.php -->\n<div class=\"da-reactions-outer TpostID5645\">\n\t    <div class=\"da-reactions-data da-reactions-container-async center\"\n         data-type=\"post\"\n         data-id=\"5645\"\n         id=\"da-reactions-slot-post-5645\">\n        <div class=\"da-reactions-static\">\n\t\t\t<img src=\"https:\/\/isinolsun.com\/blog\/wp-content\/plugins\/da-reactions\/assets\/dist\/loading.svg\" alt=\"Loading spinner\" width=\"48\" height=\"48\" style=\"width:48px\" \/>\n        <\/div>\n    <\/div>\n<\/div>\n","protected":false},"author":4,"featured_media":5647,"comment_status":"closed","ping_status":"open","sticky":false,"template":"","format":"standard","meta":{"footnotes":""},"categories":[1],"tags":[],"class_list":{"0":"post-5645","1":"post","2":"type-post","3":"status-publish","4":"format-standard","5":"has-post-thumbnail","7":"category-genel"},"yoast_head":"<!-- This site is optimized with the Yoast SEO plugin v26.8 - https:\/\/yoast.com\/product\/yoast-seo-wordpress\/ -->\n<title>AFAD g\u00f6n\u00fcll\u00fcs\u00fc nas\u0131l olunur?<\/title>\n<meta name=\"description\" content=\"AFAD g\u00f6n\u00fcll\u00fcs\u00fc olmak i\u00e7in nereye ba\u015fvurmak gerekir, kimler g\u00f6n\u00fcll\u00fc olabilir? AFAD g\u00f6n\u00fcll\u00fcs\u00fc olmak i\u00e7in gerekenler yaz\u0131m\u0131zda!\" \/>\n<meta name=\"robots\" content=\"index, follow, max-snippet:-1, max-image-preview:large, max-video-preview:-1\" \/>\n<link rel=\"canonical\" href=\"https:\/\/isinolsun.com\/blog\/afad-gonullusu-nasil-olunur\/\" \/>\n<meta property=\"og:locale\" content=\"tr_TR\" \/>\n<meta property=\"og:type\" content=\"article\" \/>\n<meta property=\"og:title\" content=\"AFAD g\u00f6n\u00fcll\u00fcs\u00fc nas\u0131l olunur?\" \/>\n<meta property=\"og:description\" content=\"AFAD g\u00f6n\u00fcll\u00fcs\u00fc olmak i\u00e7in nereye ba\u015fvurmak gerekir, kimler g\u00f6n\u00fcll\u00fc olabilir? AFAD g\u00f6n\u00fcll\u00fcs\u00fc olmak i\u00e7in gerekenler yaz\u0131m\u0131zda!\" \/>\n<meta property=\"og:url\" content=\"https:\/\/isinolsun.com\/blog\/afad-gonullusu-nasil-olunur\/\" \/>\n<meta property=\"og:site_name\" content=\"\u0130\u015fin Olsun | Blog\" \/>\n<meta property=\"article:published_time\" content=\"2025-06-25T13:08:42+00:00\" \/>\n<meta property=\"article:modified_time\" content=\"2025-06-30T07:42:48+00:00\" \/>\n<meta property=\"og:image\" content=\"https:\/\/isinolsun.com\/blog\/wp-content\/uploads\/2025\/06\/AFAD-gonullusu-nasil-olunur.jpg\" \/>\n\t<meta property=\"og:image:width\" content=\"901\" \/>\n\t<meta property=\"og:image:height\" content=\"606\" \/>\n\t<meta property=\"og:image:type\" content=\"image\/jpeg\" \/>\n<meta name=\"author\" content=\"\u0130\u015fin Olsun\" \/>\n<meta name=\"twitter:card\" content=\"summary_large_image\" \/>\n<meta name=\"twitter:label1\" content=\"Yazan:\" \/>\n\t<meta name=\"twitter:data1\" content=\"\u0130\u015fin Olsun\" \/>\n\t<meta name=\"twitter:label2\" content=\"Tahmini okuma s\u00fcresi\" \/>\n\t<meta name=\"twitter:data2\" content=\"6 dakika\" \/>\n<script type=\"application\/ld+json\" class=\"yoast-schema-graph\">{\"@context\":\"https:\/\/schema.org\",\"@graph\":[{\"@type\":\"Article\",\"@id\":\"https:\/\/isinolsun.com\/blog\/afad-gonullusu-nasil-olunur\/#article\",\"isPartOf\":{\"@id\":\"https:\/\/isinolsun.com\/blog\/afad-gonullusu-nasil-olunur\/\"},\"author\":{\"name\":\"\u0130\u015fin Olsun\",\"@id\":\"https:\/\/isinolsun.com\/blog\/#\/schema\/person\/606f5f96303475d659c6a6db7b333179\"},\"headline\":\"AFAD g\u00f6n\u00fcll\u00fcs\u00fc nas\u0131l olunur?\",\"datePublished\":\"2025-06-25T13:08:42+00:00\",\"dateModified\":\"2025-06-30T07:42:48+00:00\",\"mainEntityOfPage\":{\"@id\":\"https:\/\/isinolsun.com\/blog\/afad-gonullusu-nasil-olunur\/\"},\"wordCount\":1323,\"image\":{\"@id\":\"https:\/\/isinolsun.com\/blog\/afad-gonullusu-nasil-olunur\/#primaryimage\"},\"thumbnailUrl\":\"https:\/\/isinolsun.com\/blog\/wp-content\/uploads\/2025\/06\/AFAD-gonullusu-nasil-olunur.jpg\",\"inLanguage\":\"tr\"},{\"@type\":\"WebPage\",\"@id\":\"https:\/\/isinolsun.com\/blog\/afad-gonullusu-nasil-olunur\/\",\"url\":\"https:\/\/isinolsun.com\/blog\/afad-gonullusu-nasil-olunur\/\",\"name\":\"AFAD g\u00f6n\u00fcll\u00fcs\u00fc nas\u0131l olunur?\",\"isPartOf\":{\"@id\":\"https:\/\/isinolsun.com\/blog\/#website\"},\"primaryImageOfPage\":{\"@id\":\"https:\/\/isinolsun.com\/blog\/afad-gonullusu-nasil-olunur\/#primaryimage\"},\"image\":{\"@id\":\"https:\/\/isinolsun.com\/blog\/afad-gonullusu-nasil-olunur\/#primaryimage\"},\"thumbnailUrl\":\"https:\/\/isinolsun.com\/blog\/wp-content\/uploads\/2025\/06\/AFAD-gonullusu-nasil-olunur.jpg\",\"dateModified\":\"2025-06-30T07:42:48+00:00\",\"author\":{\"@id\":\"https:\/\/isinolsun.com\/blog\/#\/schema\/person\/606f5f96303475d659c6a6db7b333179\"},\"description\":\"AFAD g\u00f6n\u00fcll\u00fcs\u00fc olmak i\u00e7in nereye ba\u015fvurmak gerekir, kimler g\u00f6n\u00fcll\u00fc olabilir? AFAD g\u00f6n\u00fcll\u00fcs\u00fc olmak i\u00e7in gerekenler yaz\u0131m\u0131zda!\",\"breadcrumb\":{\"@id\":\"https:\/\/isinolsun.com\/blog\/afad-gonullusu-nasil-olunur\/#breadcrumb\"},\"inLanguage\":\"tr\",\"potentialAction\":[{\"@type\":\"ReadAction\",\"target\":[\"https:\/\/isinolsun.com\/blog\/afad-gonullusu-nasil-olunur\/\"]}]},{\"@type\":\"ImageObject\",\"inLanguage\":\"tr\",\"@id\":\"https:\/\/isinolsun.com\/blog\/afad-gonullusu-nasil-olunur\/#primaryimage\",\"url\":\"https:\/\/isinolsun.com\/blog\/wp-content\/uploads\/2025\/06\/AFAD-gonullusu-nasil-olunur.jpg\",\"contentUrl\":\"https:\/\/isinolsun.com\/blog\/wp-content\/uploads\/2025\/06\/AFAD-gonullusu-nasil-olunur.jpg\",\"width\":901,\"height\":606},{\"@type\":\"BreadcrumbList\",\"@id\":\"https:\/\/isinolsun.com\/blog\/afad-gonullusu-nasil-olunur\/#breadcrumb\",\"itemListElement\":[{\"@type\":\"ListItem\",\"position\":1,\"name\":\"Anasayfa\",\"item\":\"https:\/\/isinolsun.com\/blog\/\"},{\"@type\":\"ListItem\",\"position\":2,\"name\":\"AFAD g\u00f6n\u00fcll\u00fcs\u00fc nas\u0131l olunur?\"}]},{\"@type\":\"WebSite\",\"@id\":\"https:\/\/isinolsun.com\/blog\/#website\",\"url\":\"https:\/\/isinolsun.com\/blog\/\",\"name\":\"\u0130\u015fin Olsun | Blog\",\"description\":\"\",\"potentialAction\":[{\"@type\":\"SearchAction\",\"target\":{\"@type\":\"EntryPoint\",\"urlTemplate\":\"https:\/\/isinolsun.com\/blog\/?s={search_term_string}\"},\"query-input\":{\"@type\":\"PropertyValueSpecification\",\"valueRequired\":true,\"valueName\":\"search_term_string\"}}],\"inLanguage\":\"tr\"},{\"@type\":\"Person\",\"@id\":\"https:\/\/isinolsun.com\/blog\/#\/schema\/person\/606f5f96303475d659c6a6db7b333179\",\"name\":\"\u0130\u015fin Olsun\",\"image\":{\"@type\":\"ImageObject\",\"inLanguage\":\"tr\",\"@id\":\"https:\/\/isinolsun.com\/blog\/#\/schema\/person\/image\/\",\"url\":\"https:\/\/secure.gravatar.com\/avatar\/5f63bec55ceb4372c3a37b8d3749145726d83d89afd5df1d133f8345322f1e19?s=96&d=mm&r=g\",\"contentUrl\":\"https:\/\/secure.gravatar.com\/avatar\/5f63bec55ceb4372c3a37b8d3749145726d83d89afd5df1d133f8345322f1e19?s=96&d=mm&r=g\",\"caption\":\"\u0130\u015fin Olsun\"},\"sameAs\":[\"https:\/\/isinolsun.com\"],\"url\":\"https:\/\/isinolsun.com\/blog\/author\/isinolsun\/\"}]}<\/script>\n<!-- \/ Yoast SEO plugin. -->","yoast_head_json":{"title":"AFAD g\u00f6n\u00fcll\u00fcs\u00fc nas\u0131l olunur?","description":"AFAD g\u00f6n\u00fcll\u00fcs\u00fc olmak i\u00e7in nereye ba\u015fvurmak gerekir, kimler g\u00f6n\u00fcll\u00fc olabilir? AFAD g\u00f6n\u00fcll\u00fcs\u00fc olmak i\u00e7in gerekenler yaz\u0131m\u0131zda!","robots":{"index":"index","follow":"follow","max-snippet":"max-snippet:-1","max-image-preview":"max-image-preview:large","max-video-preview":"max-video-preview:-1"},"canonical":"https:\/\/isinolsun.com\/blog\/afad-gonullusu-nasil-olunur\/","og_locale":"tr_TR","og_type":"article","og_title":"AFAD g\u00f6n\u00fcll\u00fcs\u00fc nas\u0131l olunur?","og_description":"AFAD g\u00f6n\u00fcll\u00fcs\u00fc olmak i\u00e7in nereye ba\u015fvurmak gerekir, kimler g\u00f6n\u00fcll\u00fc olabilir? AFAD g\u00f6n\u00fcll\u00fcs\u00fc olmak i\u00e7in gerekenler yaz\u0131m\u0131zda!","og_url":"https:\/\/isinolsun.com\/blog\/afad-gonullusu-nasil-olunur\/","og_site_name":"\u0130\u015fin Olsun | Blog","article_published_time":"2025-06-25T13:08:42+00:00","article_modified_time":"2025-06-30T07:42:48+00:00","og_image":[{"width":901,"height":606,"url":"https:\/\/isinolsun.com\/blog\/wp-content\/uploads\/2025\/06\/AFAD-gonullusu-nasil-olunur.jpg","type":"image\/jpeg"}],"author":"\u0130\u015fin Olsun","twitter_card":"summary_large_image","twitter_misc":{"Yazan:":"\u0130\u015fin Olsun","Tahmini okuma s\u00fcresi":"6 dakika"},"schema":{"@context":"https:\/\/schema.org","@graph":[{"@type":"Article","@id":"https:\/\/isinolsun.com\/blog\/afad-gonullusu-nasil-olunur\/#article","isPartOf":{"@id":"https:\/\/isinolsun.com\/blog\/afad-gonullusu-nasil-olunur\/"},"author":{"name":"\u0130\u015fin Olsun","@id":"https:\/\/isinolsun.com\/blog\/#\/schema\/person\/606f5f96303475d659c6a6db7b333179"},"headline":"AFAD g\u00f6n\u00fcll\u00fcs\u00fc nas\u0131l olunur?","datePublished":"2025-06-25T13:08:42+00:00","dateModified":"2025-06-30T07:42:48+00:00","mainEntityOfPage":{"@id":"https:\/\/isinolsun.com\/blog\/afad-gonullusu-nasil-olunur\/"},"wordCount":1323,"image":{"@id":"https:\/\/isinolsun.com\/blog\/afad-gonullusu-nasil-olunur\/#primaryimage"},"thumbnailUrl":"https:\/\/isinolsun.com\/blog\/wp-content\/uploads\/2025\/06\/AFAD-gonullusu-nasil-olunur.jpg","inLanguage":"tr"},{"@type":"WebPage","@id":"https:\/\/isinolsun.com\/blog\/afad-gonullusu-nasil-olunur\/","url":"https:\/\/isinolsun.com\/blog\/afad-gonullusu-nasil-olunur\/","name":"AFAD g\u00f6n\u00fcll\u00fcs\u00fc nas\u0131l olunur?","isPartOf":{"@id":"https:\/\/isinolsun.com\/blog\/#website"},"primaryImageOfPage":{"@id":"https:\/\/isinolsun.com\/blog\/afad-gonullusu-nasil-olunur\/#primaryimage"},"image":{"@id":"https:\/\/isinolsun.com\/blog\/afad-gonullusu-nasil-olunur\/#primaryimage"},"thumbnailUrl":"https:\/\/isinolsun.com\/blog\/wp-content\/uploads\/2025\/06\/AFAD-gonullusu-nasil-olunur.jpg","dateModified":"2025-06-30T07:42:48+00:00","author":{"@id":"https:\/\/isinolsun.com\/blog\/#\/schema\/person\/606f5f96303475d659c6a6db7b333179"},"description":"AFAD g\u00f6n\u00fcll\u00fcs\u00fc olmak i\u00e7in nereye ba\u015fvurmak gerekir, kimler g\u00f6n\u00fcll\u00fc olabilir? AFAD g\u00f6n\u00fcll\u00fcs\u00fc olmak i\u00e7in gerekenler yaz\u0131m\u0131zda!","breadcrumb":{"@id":"https:\/\/isinolsun.com\/blog\/afad-gonullusu-nasil-olunur\/#breadcrumb"},"inLanguage":"tr","potentialAction":[{"@type":"ReadAction","target":["https:\/\/isinolsun.com\/blog\/afad-gonullusu-nasil-olunur\/"]}]},{"@type":"ImageObject","inLanguage":"tr","@id":"https:\/\/isinolsun.com\/blog\/afad-gonullusu-nasil-olunur\/#primaryimage","url":"https:\/\/isinolsun.com\/blog\/wp-content\/uploads\/2025\/06\/AFAD-gonullusu-nasil-olunur.jpg","contentUrl":"https:\/\/isinolsun.com\/blog\/wp-content\/uploads\/2025\/06\/AFAD-gonullusu-nasil-olunur.jpg","width":901,"height":606},{"@type":"BreadcrumbList","@id":"https:\/\/isinolsun.com\/blog\/afad-gonullusu-nasil-olunur\/#breadcrumb","itemListElement":[{"@type":"ListItem","position":1,"name":"Anasayfa","item":"https:\/\/isinolsun.com\/blog\/"},{"@type":"ListItem","position":2,"name":"AFAD g\u00f6n\u00fcll\u00fcs\u00fc nas\u0131l olunur?"}]},{"@type":"WebSite","@id":"https:\/\/isinolsun.com\/blog\/#website","url":"https:\/\/isinolsun.com\/blog\/","name":"\u0130\u015fin Olsun | Blog","description":"","potentialAction":[{"@type":"SearchAction","target":{"@type":"EntryPoint","urlTemplate":"https:\/\/isinolsun.com\/blog\/?s={search_term_string}"},"query-input":{"@type":"PropertyValueSpecification","valueRequired":true,"valueName":"search_term_string"}}],"inLanguage":"tr"},{"@type":"Person","@id":"https:\/\/isinolsun.com\/blog\/#\/schema\/person\/606f5f96303475d659c6a6db7b333179","name":"\u0130\u015fin Olsun","image":{"@type":"ImageObject","inLanguage":"tr","@id":"https:\/\/isinolsun.com\/blog\/#\/schema\/person\/image\/","url":"https:\/\/secure.gravatar.com\/avatar\/5f63bec55ceb4372c3a37b8d3749145726d83d89afd5df1d133f8345322f1e19?s=96&d=mm&r=g","contentUrl":"https:\/\/secure.gravatar.com\/avatar\/5f63bec55ceb4372c3a37b8d3749145726d83d89afd5df1d133f8345322f1e19?s=96&d=mm&r=g","caption":"\u0130\u015fin Olsun"},"sameAs":["https:\/\/isinolsun.com"],"url":"https:\/\/isinolsun.com\/blog\/author\/isinolsun\/"}]}},"_links":{"self":[{"href":"https:\/\/isinolsun.com\/blog\/wp-json\/wp\/v2\/posts\/5645","targetHints":{"allow":["GET"]}}],"collection":[{"href":"https:\/\/isinolsun.com\/blog\/wp-json\/wp\/v2\/posts"}],"about":[{"href":"https:\/\/isinolsun.com\/blog\/wp-json\/wp\/v2\/types\/post"}],"author":[{"embeddable":true,"href":"https:\/\/isinolsun.com\/blog\/wp-json\/wp\/v2\/users\/4"}],"replies":[{"embeddable":true,"href":"https:\/\/isinolsun.com\/blog\/wp-json\/wp\/v2\/comments?post=5645"}],"version-history":[{"count":3,"href":"https:\/\/isinolsun.com\/blog\/wp-json\/wp\/v2\/posts\/5645\/revisions"}],"predecessor-version":[{"id":5690,"href":"https:\/\/isinolsun.com\/blog\/wp-json\/wp\/v2\/posts\/5645\/revisions\/5690"}],"wp:featuredmedia":[{"embeddable":true,"href":"https:\/\/isinolsun.com\/blog\/wp-json\/wp\/v2\/media\/5647"}],"wp:attachment":[{"href":"https:\/\/isinolsun.com\/blog\/wp-json\/wp\/v2\/media?parent=5645"}],"wp:term":[{"taxonomy":"category","embeddable":true,"href":"https:\/\/isinolsun.com\/blog\/wp-json\/wp\/v2\/categories?post=5645"},{"taxonomy":"post_tag","embeddable":true,"href":"https:\/\/isinolsun.com\/blog\/wp-json\/wp\/v2\/tags?post=5645"}],"curies":[{"name":"wp","href":"https:\/\/api.w.org\/{rel}","templated":true}]}}