{"id":5251,"date":"2025-05-20T20:03:49","date_gmt":"2025-05-20T17:03:49","guid":{"rendered":"https:\/\/isinolsun.com\/blog\/?p=5251"},"modified":"2025-05-20T20:03:49","modified_gmt":"2025-05-20T17:03:49","slug":"sivas-is-ve-yasam-rehberi","status":"publish","type":"post","link":"https:\/\/isinolsun.com\/blog\/sivas-is-ve-yasam-rehberi\/","title":{"rendered":"Sivas i\u015f ve ya\u015fam rehberi"},"content":{"rendered":"\n<p><strong>Sivas ilinin b\u00fcy\u00fck b\u00f6l\u00fcm\u00fc \u0130\u00e7 Anadolu B\u00f6lgesi\u2019ndeyken Do\u011fu Anadolu ve Karadeniz B\u00f6lgesi&#8217;nde de topraklar\u0131 bulunur. B\u00fcy\u00fck bir k\u0131sm\u0131 K\u0131z\u0131l\u0131rmak, bir k\u0131sm\u0131 Ye\u015fil\u0131rmak ve F\u0131rat havzalar\u0131na girer. Ankara\u2019ya yak\u0131n bir \u015fehirdir ve h\u0131zl\u0131 tren ile ula\u015f\u0131m 2 saat s\u00fcrer. Bu \u015fehirde ya\u015famay\u0131 d\u00fc\u015f\u00fcnenler, \u00f6\u011frenciler veya g\u00fcn\u00fcbirlik ziyaret planlayanlar i\u00e7in detayl\u0131 rehberimiz yay\u0131nda!<\/strong><\/p>\n\n\n\n<h2 class=\"wp-block-heading\"><strong>Sivas\u2019\u0131n n\u00fcfusu nedir?<\/strong><\/h2>\n\n\n\n<p>Sivas\u2019\u0131n n\u00fcfusu h\u0131zl\u0131 artmakta ve 2024\u2019teki son tahminlere g\u00f6re 650.000 civar\u0131 hesaplanmaktad\u0131r. B\u00fcy\u00fck bir \u00e7o\u011funluk, \u015fehir merkezinde ya\u015farken geri kalan k\u0131s\u0131m il\u00e7e merkezlerinde ve k\u0131rsal alanlarda ikamet eder. Merkezden sonra en \u00e7ok ya\u015fan\u0131lan yer \u015eark\u0131\u015fla il\u00e7esidir. <a href=\"https:\/\/www.kariyer.net\/universite-profil\/sivas-cumhuriyet-universitesi-223534-256231\">Sivas Cumhuriyet \u00dcniversitesi<\/a>, \u015fehrin n\u00fcfusuna dinamizm katar. Bir\u00e7ok tarihi yap\u0131n\u0131n merkez b\u00f6lgelerde olmas\u0131, \u00f6\u011frenci kesimin merkez noktalarda toplanmas\u0131n\u0131 sa\u011flar.&nbsp;<\/p>\n\n\n\n<h2 class=\"wp-block-heading\"><strong>Sivas\u2019ta ya\u015fam ve \u00e7al\u0131\u015fma ko\u015fullar\u0131 nas\u0131ld\u0131r?<\/strong><\/h2>\n\n\n\n<p>Sivas\u2019ta b\u00fcy\u00fck \u00f6l\u00e7\u00fcde karasal iklim g\u00f6zlemlenir ve bu nedenle yaz aylar\u0131 s\u0131cak, kurak ayn\u0131 zamanda k\u0131sad\u0131r. K\u0131\u015f aylar\u0131 ise so\u011fuk, yaz aylar\u0131na k\u0131yasla uzun ve yo\u011fun kar ya\u011f\u0131\u015fl\u0131d\u0131r. Kar bazen \u00f6yle \u00e7ok ya\u011far ki ula\u015f\u0131m sorunlar\u0131 k\u0131rsal kesimlerde \u00e7ok fazla g\u00f6r\u00fcl\u00fcr. \u0130\u00e7 Anadolu B\u00f6lgesi&#8217;nin en so\u011fuk ili olarak bilinir. So\u011fuklu\u011fu nedeniyle ya\u015fam zor olsa da konutlar\u0131n uygunlu\u011fu ve i\u015f imkan\u0131 nedeniyle h\u0131zl\u0131 bir n\u00fcfus art\u0131\u015f\u0131 g\u00f6r\u00fcl\u00fcr. Tar\u0131m ve hayvanc\u0131l\u0131k ilk s\u0131rada yer al\u0131r. Aktif n\u00fcfusun %70\u2019i tar\u0131m sekt\u00f6r\u00fcnde \u00e7al\u0131\u015f\u0131r ve ge\u00e7imini bu \u015fekilde sa\u011flar. En \u00f6nemli ikinci gelir kayna\u011f\u0131 ise hayvanc\u0131l\u0131kt\u0131r. H\u0131zla geli\u015fen sanayi ve madencilik, i\u015f olanaklar\u0131n\u0131 art\u0131r\u0131r ve n\u00fcfus art\u0131\u015f\u0131na katk\u0131 sa\u011flar.<\/p>\n\n\n\n<h2 class=\"wp-block-heading\"><strong>Sivas\u2019ta ya\u015fayanlar nas\u0131l ge\u00e7iniyor?<\/strong><\/h2>\n\n\n\n<p>Tar\u0131m ve sanayi ilk s\u0131radad\u0131r. Bu nedenle k\u0131rsal kesimlerde \u00e7ift\u00e7ilik ve hayvanc\u0131l\u0131k \u00f6nemli bir gelir kayna\u011f\u0131d\u0131r. \u00c7al\u0131\u015fma s\u00fcresi, mevsimlere ba\u011fl\u0131 olsa da verimli araziler, bir\u00e7ok ki\u015finin tar\u0131ma y\u00f6nelmesinde etkili olur. Demir-\u00e7elik, madencilik gibi sekt\u00f6rler ise tar\u0131m ve hayvanc\u0131l\u0131ktan sonra gelir. Turizm sekt\u00f6r\u00fcnde sezonluk i\u015f f\u0131rsatlar\u0131 varken memurlar i\u00e7in de pozisyonlar a\u00e7\u0131kt\u0131r.&nbsp;<\/p>\n\n\n\n<h2 class=\"wp-block-heading\"><strong>Sivas\u2019ta sanayi<\/strong><\/h2>\n\n\n\n<p>Sanayi 1930\u2019lu y\u0131llarda faaliyete ge\u00e7mi\u015f ve 2000\u2019li y\u0131llara kadar il ekonomisinde lokomotif \u00f6nemli bir husus haline gelmi\u015ftir. G\u00fcn\u00fcm\u00fczde ise sanayi, bu \u015fehirde yeni yeni ama h\u0131zla geli\u015fimini s\u00fcrd\u00fcr\u00fcr. Demir-\u00e7elik fabrikalar\u0131, kiremit, beton, tu\u011fla fabrikalar\u0131 ve daha bir\u00e7ok fabrika il ekonomisine b\u00fcy\u00fck katk\u0131 sa\u011flar.&nbsp;<\/p>\n\n\n\n<h2 class=\"wp-block-heading\"><strong>Sivas\u2019ta m\u00fchendislik<\/strong><\/h2>\n\n\n\n<p>Sivas\u2019ta bulunan fabrikalar, m\u00fchendislik alan\u0131nda i\u015f aray\u0131\u015f\u0131nda olanlara b\u00fcy\u00fck bir i\u015f olana\u011f\u0131 sa\u011flar. Otomotiv fabrikalar\u0131 gibi bir\u00e7ok \u015firkette i\u015f bulabilirsiniz. Bu alanda i\u015f aray\u0131\u015f\u0131ndaysan\u0131z <a href=\"https:\/\/isinolsun.com\/is-ilanlari\/sivas-muhendis\">Sivas m\u00fchendis i\u015f ilanlar\u0131<\/a>, f\u0131rsatlara eri\u015fmenizi kolayla\u015ft\u0131r\u0131r.&nbsp;<\/p>\n\n\n\n<h2 class=\"wp-block-heading\"><strong>Sivas\u2019ta tar\u0131m<\/strong><\/h2>\n\n\n\n<p>Tar\u0131m, Sivas i\u00e7in olduk\u00e7a b\u00fcy\u00fck \u00f6nem arz eder. N\u00fcfusun %70\u2019i tar\u0131mla ge\u00e7imini sa\u011flar. En \u00e7ok \u00fcretimi sa\u011flanan tar\u0131m \u00fcr\u00fcnleri \u015funlard\u0131r:<\/p>\n\n\n\n<ul class=\"wp-block-list\">\n<li>Yulaf<\/li>\n\n\n\n<li>Korunga<\/li>\n\n\n\n<li>Bu\u011fday<\/li>\n\n\n\n<li>Tritikale<\/li>\n\n\n\n<li>Yonca<\/li>\n\n\n\n<li>Aspir<\/li>\n\n\n\n<li>Arpa<\/li>\n\n\n\n<li>\u00c7avdar<\/li>\n\n\n\n<li>Ay \u00c7ekirde\u011fi<\/li>\n\n\n\n<li>Patates<\/li>\n\n\n\n<li>\u015eeker Pancar\u0131<\/li>\n<\/ul>\n\n\n\n<h2 class=\"wp-block-heading\"><strong>Sivas\u2019ta hayvanc\u0131l\u0131k<\/strong><\/h2>\n\n\n\n<p>Sivas\u2019ta hayvanc\u0131l\u0131k, tar\u0131mdan sonra ilk s\u0131ray\u0131 al\u0131r. \u00c7ok geni\u015f k\u0131sm\u0131 kaplayan plato ve yaylalar, hayvanc\u0131l\u0131k i\u00e7in elveri\u015fli alanlard\u0131r. Koyun, s\u0131\u011f\u0131r, ke\u00e7i gibi hayvanlar yeti\u015ftirilir ve tesisler arac\u0131l\u0131\u011f\u0131 ile \u0131rmaklarda ve G\u00f6kp\u0131nar G\u00f6l\u00fc&#8217;nde alabal\u0131k \u00fcretilir.&nbsp;<\/p>\n\n\n\n<h2 class=\"wp-block-heading\"><strong>Sivas\u2019ta turizm<\/strong><\/h2>\n\n\n\n<p>Sivas, tarih ve k\u00fclt\u00fcr \u015fehri olarak an\u0131l\u0131r ve&nbsp; gezilecek bir\u00e7ok yeri i\u00e7erisinde bar\u0131nd\u0131r\u0131r. Divri\u011fi Ulu Cami ve Dar\u00fc\u015f\u015fifas\u0131, Hititler D\u00f6nemi\u2019ne kadar uzan\u0131r. Geleneksel ta\u015f i\u015f\u00e7ili\u011fi ile UNESCO D\u00fcnya Miras Listesi\u2019nde yerini alm\u0131\u015f ve T\u00fcrkiye s\u0131n\u0131rlar\u0131 i\u00e7erisinde bu listeye ilk giren mimari yap\u0131 olmu\u015ftur. G\u00f6kp\u0131nar G\u00f6l\u00fc, S\u0131z\u0131r \u015eelalesi, \u015eu\u011ful Vadisi gibi yerler \u015fehrin do\u011fal g\u00fczelli\u011fini g\u00f6zler \u00f6n\u00fcne serer.<\/p>\n\n\n\n<h2 class=\"wp-block-heading\"><strong>Sivas\u2019\u0131n nesi me\u015fhur?<\/strong><\/h2>\n\n\n\n<p>T\u00fcrkiye\u2019de en b\u00fcy\u00fck ikinci il olmakla birlikte Sivas, i\u00e7ine \u00e7eken bir tarihi ge\u00e7mi\u015fi ve damaklardan d\u00fc\u015fmeyen tatlar\u0131 bar\u0131nd\u0131r\u0131r. K\u0131saca gerek tarihi gerek mutfa\u011f\u0131yla en \u00f6nemli illerden biridir. En \u00fcnl\u00fc yemekleri aras\u0131nda pesk\u00fctan \u00e7orbas\u0131, kesme a\u015f\u0131, mercimek bad\u0131 gibi lezzetler bulunur. En \u00f6nem kazanan yeri ise Divri\u011fi Ulu Camisi ve Dar\u00fc\u015f\u015fifas\u0131\u2019d\u0131r. Ayn\u0131 zamanda \u015fehrin Kangal k\u00f6pekleri de olduk\u00e7a b\u00fcy\u00fck bir \u00fcne sahiptir.<\/p>\n\n\n\n<h2 class=\"wp-block-heading\"><strong>Sivas\u2019ta g\u00f6r\u00fclmesi gereken yerler?<\/strong><\/h2>\n\n\n\n<p>Sivas\u2019\u0131n b\u00f6yle g\u00fczel bir tarihi olmas\u0131, gezilecek ve g\u00f6r\u00fclecek \u00e7ok yer imkan\u0131 sunar. Lakin bu ile yolu d\u00fc\u015fenlerin ilk gitmesi gereken yer, Divri\u011fi Ulu Cami\u2019dir. Ad\u0131n\u0131 bilmeyen, duymayan yoktur.&nbsp;<\/p>\n\n\n\n<h2 class=\"wp-block-heading\"><strong>Sivas\u2019ta gezilebilecek m\u00fczeler<\/strong><\/h2>\n\n\n\n<ul class=\"wp-block-list\">\n<li>Atat\u00fcrk Kongre ve Etnografya M\u00fczesi: Atat\u00fcrk&#8217;e ve Sivas Kongresi&#8217;ne ait 41 adet eserle birlikte Atat\u00fcrk\u2019\u00fcn Sivas Kongresi&#8217;nde kullanm\u0131\u015f oldu\u011fu \u00e7al\u0131\u015fma masas\u0131 da burada sergilenir.\u00a0<\/li>\n\n\n\n<li>A\u015f\u0131k Veysel M\u00fczesi: A\u015f\u0131k Veysel\u2019in 9 y\u0131l boyunca ya\u015fad\u0131\u011f\u0131 bir evdir.<\/li>\n\n\n\n<li>Sivas Arkeoloji M\u00fczesi: Orta Anadolu\u2019nun en b\u00fcy\u00fck m\u00fczesidir. Fosil kal\u0131nt\u0131lar\u0131, farkl\u0131 \u00e7a\u011flara ait buluntu ve Roma, Bizans, Sel\u00e7uklu ve Osmanl\u0131 d\u00f6nemlerine ait eserler bulunur.\u00a0<\/li>\n\n\n\n<li>Sivas \u015eehir M\u00fczesi: \u0130lin hemen hemen t\u00fcm tarihini \u00f6\u011frenmenize olanak sa\u011flayan b\u00fcy\u00fck bir m\u00fczedir.<\/li>\n<\/ul>\n\n\n\n<h2 class=\"wp-block-heading\"><strong>Sivas\u2019ta ne yenir?<\/strong><\/h2>\n\n\n\n<ul class=\"wp-block-list\">\n<li>Pesk\u00fctan \u00c7orbas\u0131: Geceden \u0131slat\u0131lm\u0131\u015f yarma ve mercimek, sabah\u0131na pi\u015firilir ve kemikli k\u0131yma ile yo\u011furt eklenir.<\/li>\n\n\n\n<li>Kesme A\u015f\u0131: Eri\u015fteli ye\u015fil mercimek \u00e7orbas\u0131 olarak da bilinir.<\/li>\n\n\n\n<li>Sivas Kebab\u0131: Koyun ve kuzu etleri haz\u0131rlan\u0131r ve baharatla yap\u0131l\u0131r.<\/li>\n\n\n\n<li>\u00c7\u0131lb\u0131r: Yumurta, tuz ve sirkeyle yap\u0131lan kolay bir yemektir.<\/li>\n<\/ul>\n\n\n\n<h2 class=\"wp-block-heading\"><strong>Sivas\u2019\u0131n tarihi eserleri<\/strong><\/h2>\n\n\n\n<ul class=\"wp-block-list\">\n<li>Sivas Ulu Cami: Anadolu\u2019da bulunan en eski camilerden biridir.<\/li>\n\n\n\n<li>Buruciye Medresesi: \u015eehrin ve Anadolu\u2019nun en \u00fcnl\u00fc yap\u0131lar\u0131ndan biridir. Muzaffer Burucerdi taraf\u0131ndan bilim \u00f6\u011fretimi i\u00e7in yap\u0131lm\u0131\u015ft\u0131r.<\/li>\n\n\n\n<li>G\u00fcd\u00fck Minare: \u015eehrin neredeyse tam ortas\u0131nda yer alan minare gayet iyi durumdad\u0131r.<\/li>\n<\/ul>\n\n\n\n<h2 class=\"wp-block-heading\"><strong>Sivas\u2019\u0131n co\u011frafi g\u00fczellikleri<\/strong><\/h2>\n\n\n\n<ul class=\"wp-block-list\">\n<li>G\u00f6kp\u0131nar G\u00f6l\u00fc: \u0130l\u00e7e merkezine 10 kilometre uzakl\u0131ktaki bu do\u011fal g\u00fczelli\u011fin suyu tatl\u0131 ve bir o kadar da temizdir. G\u00f6l, temizli\u011fi ve berrakl\u0131\u011f\u0131 sayesinde g\u00f6ky\u00fcz\u00fcn\u00fc bir ayna gibi yans\u0131t\u0131r.<\/li>\n\n\n\n<li>S\u0131z\u0131r \u015eelalesi: S\u0131k\u00e7a gelinen bir dinlenme yeridir ve do\u011fa y\u00fcr\u00fcy\u00fc\u015fleri i\u00e7in uygundur.<\/li>\n\n\n\n<li>\u015eu\u011ful Vadisi: G\u00f6r\u00fclmeye de\u011fecek g\u00fczellikte bir yerdir ve vadi giri\u015finde lokantalar bulunur.<\/li>\n\n\n\n<li>Dipsiz G\u00f6l: K\u00fc\u00e7\u00fck bir alana sahip olsa da manzaras\u0131 g\u00f6rmek isteyenleri b\u00fcy\u00fcleyecek niteliktedir.<\/li>\n<\/ul>\n\n\n\n<h2 class=\"wp-block-heading\"><strong>\u00d6\u011frenciler i\u00e7in Sivas\u2019taki i\u015f f\u0131rsatlar\u0131 neler?<\/strong><\/h2>\n\n\n\n<p>Sivas\u2019ta tar\u0131m ve hayvanc\u0131l\u0131k geli\u015fmi\u015f oldu\u011fundan ya mevsimlik i\u015f\u00e7i ya da turizm sekt\u00f6rlerinde hizmet vermek amac\u0131yla \u00e7al\u0131\u015fan olmak olduk\u00e7a kolayd\u0131r. <a href=\"https:\/\/isinolsun.com\/is-ilanlari\/sivas\">Sivas i\u015f ilanlar\u0131<\/a>; anket\u00f6r, garson, sat\u0131\u015f dan\u0131\u015fman\u0131, kasiyer gibi alanlarda \u00f6\u011frenciler i\u00e7in g\u00fcncel f\u0131rsatlar sunar.&nbsp;<\/p>\n\n\n\n<h2 class=\"wp-block-heading\"><strong>Sivas ili merkezli \u015firketler hangileri?<\/strong><\/h2>\n\n\n\n<ul class=\"wp-block-list\">\n<li>Altarlar Makine Sanayi ve Ticaret LTD. \u015eT\u0130.<\/li>\n\n\n\n<li>Artiled Teknolojileri Elektrik Elektronik Sanayi Ticaret LTD. \u015eT\u0130.<\/li>\n\n\n\n<li>Aypak Kimya Sanayi ve Ticaret LTD. \u015eT\u0130.<\/li>\n\n\n\n<li>Sivas \u00c7imento Sanayii A.\u015e.<\/li>\n\n\n\n<li>Beton Traves Fabrikas\u0131<\/li>\n\n\n\n<li>Sivas Demir \u00c7elik Fabrikas\u0131<\/li>\n\n\n\n<li>Et ve Bal\u0131k Kombinas\u0131 M\u00fcd\u00fcrl\u00fc\u011f\u00fc, S\u00fct End\u00fcstrisi Kurumu<\/li>\n\n\n\n<li>S\u0130DA\u015e (Sivas Dokuma Sanayi A.\u015e.)<\/li>\n\n\n\n<li>D\u00f6ksat D\u00f6k\u00fcm Fabrikas\u0131<\/li>\n\n\n\n<li>Eksantrik Sanayi ve Ticaret A.\u015e.<\/li>\n<\/ul>\n\n\n\n<p>Bu \u015firketler, Sivas\u2019\u0131n sanayi ve ekonomik yap\u0131s\u0131nda \u00f6nemli rol oynayan birka\u00e7 \u015firket aras\u0131nda \u00f6ne \u00e7\u0131kar. Sivas, bu \u015firketler gibi olduk\u00e7a \u00e7ok \u015firketi b\u00fcnyesinde bulundurur.<\/p>\n\n\n\n<h2 class=\"wp-block-heading\"><strong>Sivas\u2019ta ya\u015fam maliyeti nedir?<\/strong><\/h2>\n\n\n\n<p>Ya\u015fam maliyeti a\u00e7\u0131s\u0131ndan Sivas\u2019taki konutlar, b\u00fcy\u00fck\u015fehirlere k\u0131yasla daha uygundur ve orta gelirli bir aile i\u00e7in g\u00fczel f\u0131rsatlar bulunur. Ancak sert k\u0131\u015f aylar\u0131nda ge\u00e7im sorunu ya\u015fama ihtimali olduk\u00e7a y\u00fcksektir ve bundan k\u0131rsal kesimde ya\u015fayan halk daha \u00e7ok etkilenir. \u00c7\u00fcnk\u00fc Sivas\u2019ta tar\u0131m ve hayvanc\u0131l\u0131k, ekonomiye b\u00fcy\u00fck katk\u0131 sa\u011flar. Tarihi ve do\u011fal zenginlikler, \u015fehrin ekonomisine b\u00fcy\u00fck katk\u0131 sa\u011flarken ya\u015fam maliyetlerinin d\u00fc\u015f\u00fck olmas\u0131, bu \u015fehri daha ya\u015fanabilir hale getirir.<\/p>\n<!-- templates\/buttons-placeholder.php -->\n<div class=\"da-reactions-outer TpostID5251\">\n\t    <div class=\"da-reactions-data da-reactions-container-async center\"\n         data-type=\"post\"\n         data-id=\"5251\"\n         id=\"da-reactions-slot-post-5251\">\n        <div class=\"da-reactions-static\">\n\t\t\t<img src=\"https:\/\/isinolsun.com\/blog\/wp-content\/plugins\/da-reactions\/assets\/dist\/loading.svg\" alt=\"Loading spinner\" width=\"48\" height=\"48\" style=\"width:48px\" \/>\n        <\/div>\n    <\/div>\n<\/div>\n","protected":false},"excerpt":{"rendered":"<p>Sivas ilinin b\u00fcy\u00fck b\u00f6l\u00fcm\u00fc \u0130\u00e7 Anadolu B\u00f6lgesi\u2019ndeyken Do\u011fu Anadolu ve Karadeniz B\u00f6lgesi&#8217;nde de topraklar\u0131 bulunur. B\u00fcy\u00fck bir k\u0131sm\u0131 K\u0131z\u0131l\u0131rmak, bir k\u0131sm\u0131 Ye\u015fil\u0131rmak ve F\u0131rat havzalar\u0131na girer. Ankara\u2019ya yak\u0131n bir \u015fehirdir ve h\u0131zl\u0131 tren ile ula\u015f\u0131m 2 saat s\u00fcrer. Bu \u015fehirde ya\u015famay\u0131 d\u00fc\u015f\u00fcnenler, \u00f6\u011frenciler veya g\u00fcn\u00fcbirlik ziyaret planlayanlar i\u00e7in detayl\u0131 rehberimiz yay\u0131nda! Sivas\u2019\u0131n n\u00fcfusu nedir? Sivas\u2019\u0131n [&hellip;]<\/p>\n<!-- templates\/buttons-placeholder.php -->\n<div class=\"da-reactions-outer TpostID5251\">\n\t    <div class=\"da-reactions-data da-reactions-container-async center\"\n         data-type=\"post\"\n         data-id=\"5251\"\n         id=\"da-reactions-slot-post-5251\">\n        <div class=\"da-reactions-static\">\n\t\t\t<img src=\"https:\/\/isinolsun.com\/blog\/wp-content\/plugins\/da-reactions\/assets\/dist\/loading.svg\" alt=\"Loading spinner\" width=\"48\" height=\"48\" style=\"width:48px\" \/>\n        <\/div>\n    <\/div>\n<\/div>\n","protected":false},"author":6,"featured_media":5252,"comment_status":"closed","ping_status":"open","sticky":false,"template":"","format":"standard","meta":{"footnotes":""},"categories":[192],"tags":[],"class_list":{"0":"post-5251","1":"post","2":"type-post","3":"status-publish","4":"format-standard","5":"has-post-thumbnail","7":"category-sehir-rehberi"},"yoast_head":"<!-- This site is optimized with the Yoast SEO plugin v26.8 - https:\/\/yoast.com\/product\/yoast-seo-wordpress\/ -->\n<title>Sivas i\u015f ve ya\u015fam rehberi<\/title>\n<meta name=\"description\" content=\"Sivas i\u015f ve ya\u015fam\u0131na dair t\u00fcm merak edilenler bu kapsaml\u0131 rehberde! Sivas&#039;a gideceklerin mutlaka okumas\u0131 gereken bir yaz\u0131.\" \/>\n<meta name=\"robots\" content=\"index, follow, max-snippet:-1, max-image-preview:large, max-video-preview:-1\" \/>\n<link rel=\"canonical\" href=\"https:\/\/isinolsun.com\/blog\/sivas-is-ve-yasam-rehberi\/\" \/>\n<meta property=\"og:locale\" content=\"tr_TR\" \/>\n<meta property=\"og:type\" content=\"article\" \/>\n<meta property=\"og:title\" content=\"Sivas i\u015f ve ya\u015fam rehberi\" \/>\n<meta property=\"og:description\" content=\"Sivas i\u015f ve ya\u015fam\u0131na dair t\u00fcm merak edilenler bu kapsaml\u0131 rehberde! Sivas&#039;a gideceklerin mutlaka okumas\u0131 gereken bir yaz\u0131.\" \/>\n<meta property=\"og:url\" content=\"https:\/\/isinolsun.com\/blog\/sivas-is-ve-yasam-rehberi\/\" \/>\n<meta property=\"og:site_name\" content=\"\u0130\u015fin Olsun | Blog\" \/>\n<meta property=\"article:published_time\" content=\"2025-05-20T17:03:49+00:00\" \/>\n<meta property=\"og:image\" content=\"https:\/\/isinolsun.com\/blog\/wp-content\/uploads\/2025\/05\/sivas-is-ve-yasam-rehberi.jpg\" \/>\n\t<meta property=\"og:image:width\" content=\"908\" \/>\n\t<meta property=\"og:image:height\" content=\"601\" \/>\n\t<meta property=\"og:image:type\" content=\"image\/jpeg\" \/>\n<meta name=\"author\" content=\"Figen Y\u00fczba\u015f\u0131o\u011flu\" \/>\n<meta name=\"twitter:card\" content=\"summary_large_image\" \/>\n<meta name=\"twitter:label1\" content=\"Yazan:\" \/>\n\t<meta name=\"twitter:data1\" content=\"Figen Y\u00fczba\u015f\u0131o\u011flu\" \/>\n\t<meta name=\"twitter:label2\" content=\"Tahmini okuma s\u00fcresi\" \/>\n\t<meta name=\"twitter:data2\" content=\"7 dakika\" \/>\n<script type=\"application\/ld+json\" class=\"yoast-schema-graph\">{\"@context\":\"https:\/\/schema.org\",\"@graph\":[{\"@type\":\"Article\",\"@id\":\"https:\/\/isinolsun.com\/blog\/sivas-is-ve-yasam-rehberi\/#article\",\"isPartOf\":{\"@id\":\"https:\/\/isinolsun.com\/blog\/sivas-is-ve-yasam-rehberi\/\"},\"author\":{\"name\":\"Figen Y\u00fczba\u015f\u0131o\u011flu\",\"@id\":\"https:\/\/isinolsun.com\/blog\/#\/schema\/person\/0e42571f49a0ccea89bc988c8deb2f0c\"},\"headline\":\"Sivas i\u015f ve ya\u015fam rehberi\",\"datePublished\":\"2025-05-20T17:03:49+00:00\",\"mainEntityOfPage\":{\"@id\":\"https:\/\/isinolsun.com\/blog\/sivas-is-ve-yasam-rehberi\/\"},\"wordCount\":1480,\"image\":{\"@id\":\"https:\/\/isinolsun.com\/blog\/sivas-is-ve-yasam-rehberi\/#primaryimage\"},\"thumbnailUrl\":\"https:\/\/isinolsun.com\/blog\/wp-content\/uploads\/2025\/05\/sivas-is-ve-yasam-rehberi.jpg\",\"articleSection\":[\"\u015eehir Rehberi\"],\"inLanguage\":\"tr\"},{\"@type\":\"WebPage\",\"@id\":\"https:\/\/isinolsun.com\/blog\/sivas-is-ve-yasam-rehberi\/\",\"url\":\"https:\/\/isinolsun.com\/blog\/sivas-is-ve-yasam-rehberi\/\",\"name\":\"Sivas i\u015f ve ya\u015fam rehberi\",\"isPartOf\":{\"@id\":\"https:\/\/isinolsun.com\/blog\/#website\"},\"primaryImageOfPage\":{\"@id\":\"https:\/\/isinolsun.com\/blog\/sivas-is-ve-yasam-rehberi\/#primaryimage\"},\"image\":{\"@id\":\"https:\/\/isinolsun.com\/blog\/sivas-is-ve-yasam-rehberi\/#primaryimage\"},\"thumbnailUrl\":\"https:\/\/isinolsun.com\/blog\/wp-content\/uploads\/2025\/05\/sivas-is-ve-yasam-rehberi.jpg\",\"author\":{\"@id\":\"https:\/\/isinolsun.com\/blog\/#\/schema\/person\/0e42571f49a0ccea89bc988c8deb2f0c\"},\"description\":\"Sivas i\u015f ve ya\u015fam\u0131na dair t\u00fcm merak edilenler bu kapsaml\u0131 rehberde! Sivas'a gideceklerin mutlaka okumas\u0131 gereken bir yaz\u0131.\",\"breadcrumb\":{\"@id\":\"https:\/\/isinolsun.com\/blog\/sivas-is-ve-yasam-rehberi\/#breadcrumb\"},\"inLanguage\":\"tr\",\"potentialAction\":[{\"@type\":\"ReadAction\",\"target\":[\"https:\/\/isinolsun.com\/blog\/sivas-is-ve-yasam-rehberi\/\"]}]},{\"@type\":\"ImageObject\",\"inLanguage\":\"tr\",\"@id\":\"https:\/\/isinolsun.com\/blog\/sivas-is-ve-yasam-rehberi\/#primaryimage\",\"url\":\"https:\/\/isinolsun.com\/blog\/wp-content\/uploads\/2025\/05\/sivas-is-ve-yasam-rehberi.jpg\",\"contentUrl\":\"https:\/\/isinolsun.com\/blog\/wp-content\/uploads\/2025\/05\/sivas-is-ve-yasam-rehberi.jpg\",\"width\":908,\"height\":601},{\"@type\":\"BreadcrumbList\",\"@id\":\"https:\/\/isinolsun.com\/blog\/sivas-is-ve-yasam-rehberi\/#breadcrumb\",\"itemListElement\":[{\"@type\":\"ListItem\",\"position\":1,\"name\":\"Anasayfa\",\"item\":\"https:\/\/isinolsun.com\/blog\/\"},{\"@type\":\"ListItem\",\"position\":2,\"name\":\"Sivas i\u015f ve ya\u015fam rehberi\"}]},{\"@type\":\"WebSite\",\"@id\":\"https:\/\/isinolsun.com\/blog\/#website\",\"url\":\"https:\/\/isinolsun.com\/blog\/\",\"name\":\"\u0130\u015fin Olsun | Blog\",\"description\":\"\",\"potentialAction\":[{\"@type\":\"SearchAction\",\"target\":{\"@type\":\"EntryPoint\",\"urlTemplate\":\"https:\/\/isinolsun.com\/blog\/?s={search_term_string}\"},\"query-input\":{\"@type\":\"PropertyValueSpecification\",\"valueRequired\":true,\"valueName\":\"search_term_string\"}}],\"inLanguage\":\"tr\"},{\"@type\":\"Person\",\"@id\":\"https:\/\/isinolsun.com\/blog\/#\/schema\/person\/0e42571f49a0ccea89bc988c8deb2f0c\",\"name\":\"Figen Y\u00fczba\u015f\u0131o\u011flu\",\"image\":{\"@type\":\"ImageObject\",\"inLanguage\":\"tr\",\"@id\":\"https:\/\/isinolsun.com\/blog\/#\/schema\/person\/image\/\",\"url\":\"https:\/\/secure.gravatar.com\/avatar\/0ca7589a4f7b3bd9453e8ef9e98cc57f63524f50962cd6a7d99916f512cc6aca?s=96&d=mm&r=g\",\"contentUrl\":\"https:\/\/secure.gravatar.com\/avatar\/0ca7589a4f7b3bd9453e8ef9e98cc57f63524f50962cd6a7d99916f512cc6aca?s=96&d=mm&r=g\",\"caption\":\"Figen Y\u00fczba\u015f\u0131o\u011flu\"},\"url\":\"https:\/\/isinolsun.com\/blog\/author\/figen-yuzbasioglu\/\"}]}<\/script>\n<!-- \/ Yoast SEO plugin. -->","yoast_head_json":{"title":"Sivas i\u015f ve ya\u015fam rehberi","description":"Sivas i\u015f ve ya\u015fam\u0131na dair t\u00fcm merak edilenler bu kapsaml\u0131 rehberde! Sivas'a gideceklerin mutlaka okumas\u0131 gereken bir yaz\u0131.","robots":{"index":"index","follow":"follow","max-snippet":"max-snippet:-1","max-image-preview":"max-image-preview:large","max-video-preview":"max-video-preview:-1"},"canonical":"https:\/\/isinolsun.com\/blog\/sivas-is-ve-yasam-rehberi\/","og_locale":"tr_TR","og_type":"article","og_title":"Sivas i\u015f ve ya\u015fam rehberi","og_description":"Sivas i\u015f ve ya\u015fam\u0131na dair t\u00fcm merak edilenler bu kapsaml\u0131 rehberde! Sivas'a gideceklerin mutlaka okumas\u0131 gereken bir yaz\u0131.","og_url":"https:\/\/isinolsun.com\/blog\/sivas-is-ve-yasam-rehberi\/","og_site_name":"\u0130\u015fin Olsun | Blog","article_published_time":"2025-05-20T17:03:49+00:00","og_image":[{"width":908,"height":601,"url":"https:\/\/isinolsun.com\/blog\/wp-content\/uploads\/2025\/05\/sivas-is-ve-yasam-rehberi.jpg","type":"image\/jpeg"}],"author":"Figen Y\u00fczba\u015f\u0131o\u011flu","twitter_card":"summary_large_image","twitter_misc":{"Yazan:":"Figen Y\u00fczba\u015f\u0131o\u011flu","Tahmini okuma s\u00fcresi":"7 dakika"},"schema":{"@context":"https:\/\/schema.org","@graph":[{"@type":"Article","@id":"https:\/\/isinolsun.com\/blog\/sivas-is-ve-yasam-rehberi\/#article","isPartOf":{"@id":"https:\/\/isinolsun.com\/blog\/sivas-is-ve-yasam-rehberi\/"},"author":{"name":"Figen Y\u00fczba\u015f\u0131o\u011flu","@id":"https:\/\/isinolsun.com\/blog\/#\/schema\/person\/0e42571f49a0ccea89bc988c8deb2f0c"},"headline":"Sivas i\u015f ve ya\u015fam rehberi","datePublished":"2025-05-20T17:03:49+00:00","mainEntityOfPage":{"@id":"https:\/\/isinolsun.com\/blog\/sivas-is-ve-yasam-rehberi\/"},"wordCount":1480,"image":{"@id":"https:\/\/isinolsun.com\/blog\/sivas-is-ve-yasam-rehberi\/#primaryimage"},"thumbnailUrl":"https:\/\/isinolsun.com\/blog\/wp-content\/uploads\/2025\/05\/sivas-is-ve-yasam-rehberi.jpg","articleSection":["\u015eehir Rehberi"],"inLanguage":"tr"},{"@type":"WebPage","@id":"https:\/\/isinolsun.com\/blog\/sivas-is-ve-yasam-rehberi\/","url":"https:\/\/isinolsun.com\/blog\/sivas-is-ve-yasam-rehberi\/","name":"Sivas i\u015f ve ya\u015fam rehberi","isPartOf":{"@id":"https:\/\/isinolsun.com\/blog\/#website"},"primaryImageOfPage":{"@id":"https:\/\/isinolsun.com\/blog\/sivas-is-ve-yasam-rehberi\/#primaryimage"},"image":{"@id":"https:\/\/isinolsun.com\/blog\/sivas-is-ve-yasam-rehberi\/#primaryimage"},"thumbnailUrl":"https:\/\/isinolsun.com\/blog\/wp-content\/uploads\/2025\/05\/sivas-is-ve-yasam-rehberi.jpg","author":{"@id":"https:\/\/isinolsun.com\/blog\/#\/schema\/person\/0e42571f49a0ccea89bc988c8deb2f0c"},"description":"Sivas i\u015f ve ya\u015fam\u0131na dair t\u00fcm merak edilenler bu kapsaml\u0131 rehberde! Sivas'a gideceklerin mutlaka okumas\u0131 gereken bir yaz\u0131.","breadcrumb":{"@id":"https:\/\/isinolsun.com\/blog\/sivas-is-ve-yasam-rehberi\/#breadcrumb"},"inLanguage":"tr","potentialAction":[{"@type":"ReadAction","target":["https:\/\/isinolsun.com\/blog\/sivas-is-ve-yasam-rehberi\/"]}]},{"@type":"ImageObject","inLanguage":"tr","@id":"https:\/\/isinolsun.com\/blog\/sivas-is-ve-yasam-rehberi\/#primaryimage","url":"https:\/\/isinolsun.com\/blog\/wp-content\/uploads\/2025\/05\/sivas-is-ve-yasam-rehberi.jpg","contentUrl":"https:\/\/isinolsun.com\/blog\/wp-content\/uploads\/2025\/05\/sivas-is-ve-yasam-rehberi.jpg","width":908,"height":601},{"@type":"BreadcrumbList","@id":"https:\/\/isinolsun.com\/blog\/sivas-is-ve-yasam-rehberi\/#breadcrumb","itemListElement":[{"@type":"ListItem","position":1,"name":"Anasayfa","item":"https:\/\/isinolsun.com\/blog\/"},{"@type":"ListItem","position":2,"name":"Sivas i\u015f ve ya\u015fam rehberi"}]},{"@type":"WebSite","@id":"https:\/\/isinolsun.com\/blog\/#website","url":"https:\/\/isinolsun.com\/blog\/","name":"\u0130\u015fin Olsun | Blog","description":"","potentialAction":[{"@type":"SearchAction","target":{"@type":"EntryPoint","urlTemplate":"https:\/\/isinolsun.com\/blog\/?s={search_term_string}"},"query-input":{"@type":"PropertyValueSpecification","valueRequired":true,"valueName":"search_term_string"}}],"inLanguage":"tr"},{"@type":"Person","@id":"https:\/\/isinolsun.com\/blog\/#\/schema\/person\/0e42571f49a0ccea89bc988c8deb2f0c","name":"Figen Y\u00fczba\u015f\u0131o\u011flu","image":{"@type":"ImageObject","inLanguage":"tr","@id":"https:\/\/isinolsun.com\/blog\/#\/schema\/person\/image\/","url":"https:\/\/secure.gravatar.com\/avatar\/0ca7589a4f7b3bd9453e8ef9e98cc57f63524f50962cd6a7d99916f512cc6aca?s=96&d=mm&r=g","contentUrl":"https:\/\/secure.gravatar.com\/avatar\/0ca7589a4f7b3bd9453e8ef9e98cc57f63524f50962cd6a7d99916f512cc6aca?s=96&d=mm&r=g","caption":"Figen Y\u00fczba\u015f\u0131o\u011flu"},"url":"https:\/\/isinolsun.com\/blog\/author\/figen-yuzbasioglu\/"}]}},"_links":{"self":[{"href":"https:\/\/isinolsun.com\/blog\/wp-json\/wp\/v2\/posts\/5251","targetHints":{"allow":["GET"]}}],"collection":[{"href":"https:\/\/isinolsun.com\/blog\/wp-json\/wp\/v2\/posts"}],"about":[{"href":"https:\/\/isinolsun.com\/blog\/wp-json\/wp\/v2\/types\/post"}],"author":[{"embeddable":true,"href":"https:\/\/isinolsun.com\/blog\/wp-json\/wp\/v2\/users\/6"}],"replies":[{"embeddable":true,"href":"https:\/\/isinolsun.com\/blog\/wp-json\/wp\/v2\/comments?post=5251"}],"version-history":[{"count":1,"href":"https:\/\/isinolsun.com\/blog\/wp-json\/wp\/v2\/posts\/5251\/revisions"}],"predecessor-version":[{"id":5253,"href":"https:\/\/isinolsun.com\/blog\/wp-json\/wp\/v2\/posts\/5251\/revisions\/5253"}],"wp:featuredmedia":[{"embeddable":true,"href":"https:\/\/isinolsun.com\/blog\/wp-json\/wp\/v2\/media\/5252"}],"wp:attachment":[{"href":"https:\/\/isinolsun.com\/blog\/wp-json\/wp\/v2\/media?parent=5251"}],"wp:term":[{"taxonomy":"category","embeddable":true,"href":"https:\/\/isinolsun.com\/blog\/wp-json\/wp\/v2\/categories?post=5251"},{"taxonomy":"post_tag","embeddable":true,"href":"https:\/\/isinolsun.com\/blog\/wp-json\/wp\/v2\/tags?post=5251"}],"curies":[{"name":"wp","href":"https:\/\/api.w.org\/{rel}","templated":true}]}}