{"id":5086,"date":"2025-04-29T15:01:26","date_gmt":"2025-04-29T12:01:26","guid":{"rendered":"https:\/\/isinolsun.com\/blog\/?p=5086"},"modified":"2025-06-15T16:52:55","modified_gmt":"2025-06-15T13:52:55","slug":"tekirdag-is-ve-yasam-rehberi","status":"publish","type":"post","link":"https:\/\/isinolsun.com\/blog\/tekirdag-is-ve-yasam-rehberi\/","title":{"rendered":"Tekirda\u011f i\u015f ve ya\u015fam rehberi"},"content":{"rendered":"\n<p><strong>Tekirda\u011f, Marmara B\u00f6lgesinde yer alan, deniz ve do\u011fa ile i\u00e7 i\u00e7e bir \u015fehir olarak hem \u00e7al\u0131\u015fma hem de ya\u015fam a\u00e7\u0131s\u0131ndan cazip f\u0131rsatlar sunuyor. \u015eehirdeki ya\u015fam ko\u015fullar\u0131, ula\u015f\u0131m kolayl\u0131klar\u0131 ve i\u015f imkanlar\u0131yla dikkat \u00e7ekiyor. Tekirda\u011f&#8217;da ya\u015famak, huzurlu bir \u00e7evrede \u00e7al\u0131\u015fmay\u0131 isteyenler i\u00e7in ideal bir se\u00e7enek. Tekirda\u011f b\u00f6lgesinde i\u015f ve ya\u015fam ile ilgili detayl\u0131 bilgiler \u015fimdi \u0130\u015fin Olsun\u2019un rehberinde!<\/strong><\/p>\n\n\n\n<h2 class=\"wp-block-heading\">Tekirda\u011f\u2019\u0131n n\u00fcfusu nedir?<\/h2>\n\n\n\n<p>Tekirda\u011f, 2025 verilerine g\u00f6re yakla\u015f\u0131k 1.212.224 ki\u015filik bir n\u00fcfusa sahiptir. \u015eehir, son y\u0131llarda g\u00f6\u00e7 alarak n\u00fcfusunu art\u0131r\u0131r. \u00d6zellikle b\u00fcy\u00fck\u015fehirlerden Tekirda\u011f\u2019a y\u00f6nelenler \u015fehre de\u011fer katar. N\u00fcfus yo\u011funlu\u011fu, \u015fehrin merkezi ile k\u0131rsal alanlar\u0131 aras\u0131nda de\u011fi\u015fiklik g\u00f6sterse de genel olarak sanayi b\u00f6lgelerinin yo\u011fun oldu\u011fu alanlarda art\u0131\u015f g\u00f6zlemlenir. Tekirda\u011f, n\u00fcfus art\u0131\u015f\u0131 ile birlikte \u015fehirle\u015fme ve altyap\u0131 anlam\u0131nda h\u0131zl\u0131 bir geli\u015fim s\u00fcreci ge\u00e7irir.<\/p>\n\n\n\n<h2 class=\"wp-block-heading\">Tekirda\u011f&#8217;da ya\u015fam ve \u00e7al\u0131\u015fma ko\u015fullar\u0131 nas\u0131ld\u0131r?<\/h2>\n\n\n\n<p>Tekirda\u011f&#8217;da ya\u015fam, b\u00fcy\u00fck \u015fehirlerin karma\u015fas\u0131ndan uzak, ancak geli\u015fmi\u015f altyap\u0131 ve ula\u015f\u0131m imk\u00e2nlar\u0131yla olduk\u00e7a konforludur. \u015eehirdeki i\u015f olanaklar\u0131, \u00f6zellikle sanayi, tar\u0131m ve turizm sekt\u00f6rlerinde yo\u011fundur. Tekirda\u011f&#8217;da \u00e7al\u0131\u015fanlar, genellikle sanayi ve liman sekt\u00f6rlerinde istihdam bulurlar. Ayr\u0131ca, ya\u015fam maliyeti, \u0130stanbul ve \u00e7evresindeki b\u00fcy\u00fck\u015fehirlerle k\u0131yasland\u0131\u011f\u0131nda daha uygun seviyelerdedir. Konut fiyatlar\u0131 da bu nedenle genellikle daha ekonomiktir. <a href=\"https:\/\/isinolsun.com\/is-ilanlari?lc=tekirdag\">Tekirda\u011f i\u015f ilanlar\u0131n\u0131<\/a> inceleyerek niteliklerinize uygun meslekleri icra edebilirsiniz.<\/p>\n\n\n\n<h2 class=\"wp-block-heading\">Tekirda\u011f&#8217;da ya\u015fayanlar nas\u0131l ge\u00e7iniyor?<\/h2>\n\n\n\n<p>Tekirda\u011f&#8217;da ya\u015fayanlar, genel olarak sanayi, tar\u0131m ve ticaret gibi alanlarda \u00e7al\u0131\u015farak ge\u00e7imlerini sa\u011flarlar. \u015eehir, Marmara B\u00f6lgesinde \u00f6nemli bir sanayi merkezine d\u00f6n\u00fc\u015fm\u00fc\u015f olup tekstil, g\u0131da i\u015fleme ve otomotiv sekt\u00f6rleri yo\u011fun olarak faaliyet g\u00f6sterir. Ayr\u0131ca, deniz kenar\u0131ndaki bal\u0131k\u00e7\u0131l\u0131k ve tar\u0131m da ge\u00e7im kaynaklar\u0131ndan biridir. Tekirda\u011f&#8217;da k\u0131rsal kesimde tar\u0131m ve hayvanc\u0131l\u0131k daha yayg\u0131nken \u015fehir merkezine yak\u0131n b\u00f6lgelerde sanayi ve ticaret \u00f6n plana \u00e7\u0131kar.<\/p>\n\n\n\n<h2 class=\"wp-block-heading\">Tekirda\u011f\u2019da sanayi<\/h2>\n\n\n\n<p>Tekirda\u011f, sanayi a\u00e7\u0131s\u0131ndan olduk\u00e7a geli\u015fmi\u015f bir \u015fehirdir. \u00d6zellikle Marmara B\u00f6lgesi\u2019nin \u00f6nemli limanlar\u0131ndan biri olan Tekirda\u011f Liman\u0131, sanayi \u00fcr\u00fcnlerinin yurt d\u0131\u015f\u0131na ihracat\u0131n\u0131 kolayla\u015ft\u0131r\u0131r. \u015eehirde tekstil, otomotiv, g\u0131da i\u015fleme ve in\u015faat malzemeleri sekt\u00f6rlerinde faaliyet g\u00f6steren bir\u00e7ok fabrika bulunur. Sanayi, \u015fehirdeki i\u015f g\u00fcc\u00fcn\u00fcn b\u00fcy\u00fck bir k\u0131sm\u0131n\u0131 istihdam ederken ayn\u0131 zamanda Tekirda\u011f ekonomisinin temel yap\u0131 ta\u015flar\u0131ndan biridir. Ayr\u0131ca, sanayi sekt\u00f6r\u00fcndeki geli\u015fmeler, \u015fehrin altyap\u0131s\u0131n\u0131n h\u0131zla modernle\u015fmesine olanak tan\u0131r. <a href=\"https:\/\/isinolsun.com\/is-ilanlari?kw=sanayi&amp;lc=Tekirdag\">Tekirda\u011f sanayi i\u015f ilanlar\u0131n\u0131<\/a> inceleyerek bu alandaki f\u0131rsatlara g\u00f6z atabilirsiniz.<\/p>\n\n\n\n<h2 class=\"wp-block-heading\">Tekirda\u011f\u2019da m\u00fchendislik<\/h2>\n\n\n\n<p>Tekirda\u011f, m\u00fchendislik alan\u0131nda \u00f6nemli bir potansiyele sahiptir. \u015eehirdeki sanayi ve \u00fcretim tesisleri, m\u00fchendislik bilgisi gerektiren i\u015fler i\u00e7in b\u00fcy\u00fck bir talep yarat\u0131r. \u00d6zellikle makine, in\u015faat, elektrik-elektronik ve otomotiv m\u00fchendislik alanlar\u0131nda i\u015f olanaklar\u0131 olduk\u00e7a geni\u015ftir. \u015eehirdeki b\u00fcy\u00fck sanayi tesisleri ve limanlar, <a href=\"https:\/\/isinolsun.com\/is-ilanlari\/tekirdag-muhendis\">Tekirda\u011f m\u00fchendis i\u015f ilanlar\u0131<\/a> yay\u0131nlar. M\u00fchendislik sekt\u00f6r\u00fc, Tekirda\u011f\u2019\u0131n ekonomik b\u00fcy\u00fcmesine katk\u0131 sa\u011flamaya devam eder.<\/p>\n\n\n\n<figure class=\"wp-block-image size-full\"><a href=\" https:\/\/isinolsun.com\/is-ilanlari\"><img fetchpriority=\"high\" decoding=\"async\" width=\"900\" height=\"100\" src=\"https:\/\/isinolsun.com\/blog\/wp-content\/uploads\/2025\/04\/calisan-24.png\" alt=\"\" class=\"wp-image-5087\" srcset=\"https:\/\/isinolsun.com\/blog\/wp-content\/uploads\/2025\/04\/calisan-24.png 900w, https:\/\/isinolsun.com\/blog\/wp-content\/uploads\/2025\/04\/calisan-24-300x33.png 300w, https:\/\/isinolsun.com\/blog\/wp-content\/uploads\/2025\/04\/calisan-24-768x85.png 768w, https:\/\/isinolsun.com\/blog\/wp-content\/uploads\/2025\/04\/calisan-24-450x50.png 450w, https:\/\/isinolsun.com\/blog\/wp-content\/uploads\/2025\/04\/calisan-24-780x87.png 780w\" sizes=\"(max-width: 900px) 100vw, 900px\" \/><\/a><\/figure>\n\n\n\n<h2 class=\"wp-block-heading\">Tekirda\u011f\u2019da tar\u0131m&nbsp;<\/h2>\n\n\n\n<p>Tekirda\u011f, tar\u0131m sekt\u00f6r\u00fcnde de olduk\u00e7a verimli bir b\u00f6lgedir. \u015eehirde tar\u0131m faaliyetleri, \u00f6zellikle bu\u011fday, ay\u00e7i\u00e7e\u011fi, zeytin ve ba\u011fc\u0131l\u0131k gibi \u00fcr\u00fcnlerle \u00f6ne \u00e7\u0131kar. Tar\u0131m alan\u0131ndaki geli\u015fmi\u015f teknikler ve sulama y\u00f6ntemleri, \u00fcretim miktar\u0131n\u0131 art\u0131r\u0131r. \u00c7ift\u00e7iler, verimli topraklarda y\u00fcksek kaliteli \u00fcr\u00fcnler yeti\u015ftirerek hem i\u00e7 piyasada hem de d\u0131\u015f ticarette \u00f6nemli bir yer edinirler. Tekirda\u011f, T\u00fcrkiye\u2019nin \u00f6nemli tar\u0131m b\u00f6lgelerinden biri olarak bilinir. <a href=\"https:\/\/isinolsun.com\/is-ilanlari\/tekirdag-tarim-iscisi\">Tekirda\u011f tar\u0131m i\u015f ilanlar\u0131n\u0131<\/a> inceleyerek uygun bir i\u015f bulabilirsiniz.<\/p>\n\n\n\n<h2 class=\"wp-block-heading\">Tekirda\u011f\u2019da hayvanc\u0131l\u0131k<\/h2>\n\n\n\n<p>Tekirda\u011f&#8217;da hayvanc\u0131l\u0131k, tar\u0131m\u0131n bir par\u00e7as\u0131 olarak \u00f6nemli bir yer tutar. \u00d6zellikle s\u00fct \u00fcretimi ve k\u0131rm\u0131z\u0131 et \u00fcretimi konusunda b\u00fcy\u00fck bir potansiyel vard\u0131r. \u015eehirdeki \u00e7ift\u00e7iler, verimli topraklar ve geni\u015f mera alanlar\u0131 sayesinde b\u00fcy\u00fckba\u015f ve k\u00fc\u00e7\u00fckba\u015f hayvan yeti\u015ftiricili\u011fi yapar. Tekirda\u011f, hayvanc\u0131l\u0131k a\u00e7\u0131s\u0131ndan T\u00fcrkiye&#8217;nin \u00f6nemli \u00fcretim merkezlerinden biri olarak kabul edilir. Ayr\u0131ca, hayvanc\u0131l\u0131kla ilgili sanayi de geli\u015fir. <a href=\"https:\/\/isinolsun.com\/is-ilanlari\/tekirdag-ziraat-muhendisi\">Tekirda\u011f ziraat m\u00fchendisi i\u015f ilanlar\u0131<\/a> hayvanc\u0131l\u0131\u011f\u0131n geli\u015fmi\u015f oldu\u011fu bu b\u00f6lgede s\u0131k\u00e7a yay\u0131nlan\u0131r.<\/p>\n\n\n\n<h2 class=\"wp-block-heading\">Tekirda\u011f\u2019da turizm<\/h2>\n\n\n\n<p>Tekirda\u011f, tarihi ve do\u011fal g\u00fczellikleriyle turizm a\u00e7\u0131s\u0131ndan \u00f6nemli bir yer tutar. \u015eehir, hem deniz turizmi hem de k\u00fclt\u00fcrel turizm a\u00e7\u0131s\u0131ndan \u00e7e\u015fitlilik sunar. Tekirda\u011f\u2019\u0131n sahil beldeleri, yaz aylar\u0131nda deniz tatili yapmak isteyen turistlerin ilgisini \u00e7eker. Ayr\u0131ca, \u015fehirdeki tarihi yap\u0131lar, m\u00fczeler ve antik kentler de k\u00fclt\u00fcrel turizm a\u00e7\u0131s\u0131ndan b\u00fcy\u00fck bir \u00f6neme sahiptir. Tekirda\u011f, hem do\u011fal hem de k\u00fclt\u00fcrel g\u00fczellikleriyle her y\u0131l yerli ve yabanc\u0131 turistlerin ilgisini \u00e7eker. <a href=\"https:\/\/isinolsun.com\/is-ilanlari\/tekirdag-otel-rehberi\">Tekirda\u011f turizm i\u015f ilanlar\u0131<\/a> pek \u00e7ok farkl\u0131 i\u015fletme taraf\u0131ndan yay\u0131nlan\u0131r.<\/p>\n\n\n\n<h2 class=\"wp-block-heading\">Tekirda\u011f\u2019\u0131n nesi me\u015fhur?<\/h2>\n\n\n\n<p>Tekirda\u011f, me\u015fhur olan bir\u00e7ok \u015feyle \u00fcnl\u00fcd\u00fcr. \u015eehrin en bilinen \u00f6zelli\u011fi, Tekirda\u011f k\u00f6ftesidir. Bu e\u015fsiz k\u00f6fte, Tekirda\u011f\u2019a \u00f6zg\u00fc \u00f6zel baharatlar ve pi\u015firme teknikleriyle haz\u0131rlan\u0131r ve \u015fehrin mutfa\u011f\u0131n\u0131n simgesi haline gelir. Ayr\u0131ca, Tekirda\u011f \u015faraplar\u0131 da d\u00fcnyaca \u00fcnl\u00fcd\u00fcr. \u015earap \u00fcretimi, \u015fehirdeki ba\u011fc\u0131l\u0131k gelene\u011fiyle birlikte \u00f6nemli bir yer tutar. Tekirda\u011f, ayr\u0131ca zeytinya\u011f\u0131 \u00fcretimiyle de tan\u0131n\u0131r. Bu \u00fcr\u00fcnler, hem yerli hem de yabanc\u0131 turistler taraf\u0131ndan ilgiyle t\u00fcketilir.<\/p>\n\n\n\n<h2 class=\"wp-block-heading\">Tekirda\u011f\u2019da g\u00f6r\u00fclmesi gereken yerler<\/h2>\n\n\n\n<p>Tekirda\u011f, hem tarihi hem de do\u011fal g\u00fczellikleriyle dikkat \u00e7eker. \u015eehir, Marmara Denizi k\u0131y\u0131s\u0131nda yer almas\u0131 nedeniyle g\u00fczel sahil kasabalar\u0131na sahip olup yaz aylar\u0131nda deniz tatili yapmak isteyenler i\u00e7in ideal bir yerdir. Tekirda\u011f, deniz, tarih ve k\u00fclt\u00fcr\u00fc bir arada sunan g\u00fczellikleriyle ke\u015ffedilmeyi bekleyen bir b\u00f6lgedir.<\/p>\n\n\n\n<h2 class=\"wp-block-heading\">Tekirda\u011f\u2019da gezilebilecek m\u00fczeler<\/h2>\n\n\n\n<ul class=\"wp-block-list\">\n<li>Rakoczi M\u00fczesi: Tekirda\u011f\u2019\u0131n Rakoczi Mahallesi\u2019nde yer alan bu m\u00fcze, Macaristan\u2019\u0131n son prensi II. Rakoczi\u2019nin s\u00fcrg\u00fcnde ya\u015fad\u0131\u011f\u0131 d\u00f6neme ait objeler ve belgeler sunar. M\u00fcze, tarihseverler i\u00e7in \u00f6nemli bir k\u00fclt\u00fcrel mekand\u0131r.<br>Tekirda\u011f Arkeoloji ve Etnografya M\u00fczesi: \u015eehir merkezinde bulunan bu m\u00fcze, b\u00f6lgenin arkeolojik ge\u00e7mi\u015fine dair \u00e7e\u015fitli eserler sergiler. Ayr\u0131ca, Tekirda\u011f&#8217;\u0131n geleneksel ya\u015fam\u0131 ve halk k\u00fclt\u00fcr\u00fcn\u00fc yans\u0131tan etnografik koleksiyonlar da bu m\u00fczede g\u00f6r\u00fclebilir.<\/li>\n\n\n\n<li>Tekirda\u011f M\u00fczesi: \u015eehirdeki \u00f6nemli tarihi ve k\u00fclt\u00fcrel eserleri bar\u0131nd\u0131ran Tekirda\u011f M\u00fczesi, b\u00f6lgenin tarihine \u0131\u015f\u0131k tutan eserleriyle ziyaret\u00e7ilerini kar\u015f\u0131lar. Ayr\u0131ca, Tekirda\u011f\u2019\u0131n sosyal ve k\u00fclt\u00fcrel geli\u015fimine dair ilgin\u00e7 bilgiler sunar.<br>\u015eark\u00f6y M\u00fczesi: \u015eark\u00f6y il\u00e7esinde yer alan bu m\u00fcze, b\u00f6lgenin tarihi miras\u0131n\u0131 ve antik d\u00f6nemlere ait kal\u0131nt\u0131lar\u0131 sergiler. Ziyaret\u00e7ilerine, Trakya&#8217;n\u0131n tarihi hakk\u0131nda bilgi edinme f\u0131rsat\u0131 sunar.<\/li>\n\n\n\n<li>Marmara Ere\u011flisi M\u00fczesi: Marmara Ere\u011flisi&#8217;nde bulunan bu m\u00fcze, b\u00f6lgedeki antik yerle\u015fimlere ait kal\u0131nt\u0131lar\u0131 ve eserleri sergileyerek, ziyaret\u00e7ilerini tarihi bir yolculu\u011fa \u00e7\u0131kar\u0131r. M\u00fcze, ayr\u0131ca b\u00f6lgedeki k\u00fclt\u00fcrel ve arkeolojik \u00e7al\u0131\u015fmalara dair bilgiler sunar.<\/li>\n<\/ul>\n\n\n\n<h2 class=\"wp-block-heading\">Tekirda\u011f\u2019da ne yenir?<\/h2>\n\n\n\n<p>Tekirda\u011f mutfa\u011f\u0131, zengin yemek \u00e7e\u015fitlili\u011fi ile dikkat \u00e7eker. Tekirda\u011f\u2019da yenmesi gereken baz\u0131 lezzetler \u015funlard\u0131r:<\/p>\n\n\n\n<ul class=\"wp-block-list\">\n<li>Tekirda\u011f k\u00f6ftesi<\/li>\n\n\n\n<li>\u00c7\u00f6kelekli b\u00f6rek<\/li>\n\n\n\n<li>Tekirda\u011f \u015farab\u0131<\/li>\n\n\n\n<li>Zeytinya\u011fl\u0131 enginar<\/li>\n\n\n\n<li>Bal\u0131k ve deniz \u00fcr\u00fcnleri<\/li>\n<\/ul>\n\n\n\n<h2 class=\"wp-block-heading\">Tekirda\u011f&#8217;\u0131n tarihi eserleri<\/h2>\n\n\n\n<ul class=\"wp-block-list\">\n<li>Tekirda\u011f Kalesi: \u015eehir merkezine yak\u0131n bir konumda bulunan Tekirda\u011f Kalesi, Bizans d\u00f6nemine ait olup, \u015fehrin savunma ama\u00e7l\u0131 in\u015fa edilmi\u015ftir. Kaleden \u015fehri ve Marmara Denizi&#8217;ni izlemek m\u00fcmk\u00fcnd\u00fcr.<\/li>\n\n\n\n<li>Nam\u0131k Kemal Evi: T\u00fcrk edebiyat\u0131n\u0131n \u00f6nemli isimlerinden Nam\u0131k Kemal&#8217;in do\u011fdu\u011fu ev, Tekirda\u011f&#8217;da ziyaret\u00e7ilerini bekler. Bu tarihi evde, Nam\u0131k Kemal&#8217;in hayat\u0131 ve eserleriyle ilgili \u00e7e\u015fitli sergiler d\u00fczenlenmektedir.<\/li>\n\n\n\n<li>M\u00fcrefte Turu: Tekirda\u011f il s\u0131n\u0131rlar\u0131nda yer alan M\u00fcrefte, denizle i\u00e7 i\u00e7e bir k\u00f6y olup, \u015farap \u00fcretimiyle \u00fcnl\u00fcd\u00fcr. Bu b\u00f6lgeye yap\u0131lan turlar, do\u011fa ve tarihi atmosferi birle\u015ftirir.<\/li>\n\n\n\n<li>\u015eark\u00f6y Antik Kenti: Tekirda\u011f\u2019a ba\u011fl\u0131 \u015eark\u00f6y il\u00e7esinde bulunan antik kent, Roma ve Bizans d\u00f6nemlerine ait kal\u0131nt\u0131larla doludur. B\u00f6lge, tarih severler i\u00e7in \u00f6nemli bir ke\u015fif alan\u0131d\u0131r.<br><\/li>\n<\/ul>\n\n\n\n<h2 class=\"wp-block-heading\">Tekirda\u011f&#8217;\u0131n co\u011frafi g\u00fczellikleri<\/h2>\n\n\n\n<p>Tekirda\u011f, co\u011frafi g\u00fczellikleriyle de g\u00f6z kama\u015ft\u0131r\u0131r. Sahil boyunca uzanan plajlar, yemye\u015fil do\u011fa ve da\u011flar, Tekirda\u011f\u2019\u0131 ke\u015ffetmek i\u00e7in m\u00fckemmel bir yerdir. \u015eehirdeki co\u011frafi g\u00fczellikler aras\u0131nda \u015funlar bulunur:<\/p>\n\n\n\n<ul class=\"wp-block-list\">\n<li>Tekirda\u011f sahilleri<\/li>\n\n\n\n<li>\u015eark\u00f6y plajlar\u0131<\/li>\n\n\n\n<li>U\u00e7makdere k\u00f6y\u00fc<\/li>\n\n\n\n<li>Tekirda\u011f ormanlar\u0131<\/li>\n\n\n\n<li>Marmara Denizi k\u0131y\u0131lar\u0131<\/li>\n<\/ul>\n\n\n\n<h2 class=\"wp-block-heading\">\u00d6\u011frenciler i\u00e7in Tekirda\u011f\u2019daki i\u015f f\u0131rsatlar\u0131<\/h2>\n\n\n\n<p>Tekirda\u011f, \u00f6\u011frencilere \u00e7e\u015fitli i\u015f imkanlar\u0131 sunar. \u015eehirdeki sanayi, tar\u0131m ve ticaret sekt\u00f6rleri, \u00f6\u011frencilere part-time i\u015flerde \u00e7al\u0131\u015fma f\u0131rsat\u0131 yarat\u0131r. \u00d6zellikle tekstil, g\u0131da ve otomotiv sekt\u00f6rlerinde \u00f6\u011frenciler i\u00e7in uygun i\u015f olanaklar\u0131 mevcuttur. Ayr\u0131ca, Tekirda\u011f\u2019daki \u00fcniversite \u00f6\u011frencileri i\u00e7in akademik ve sekt\u00f6rel staj imkanlar\u0131 da bulunur.<\/p>\n\n\n\n<h2 class=\"wp-block-heading\">Tekirda\u011f ili merkezli \u015firketler<\/h2>\n\n\n\n<p>Tekirda\u011f, g\u0131da, tekstil ve sanayi sekt\u00f6rlerinde \u00f6nemli bir \u00fcretim merkezi olarak \u00f6ne \u00e7\u0131kar. \u015eehirdeki bu sekt\u00f6rler, hem yerel ekonomiye katk\u0131 sa\u011flar hem de istihdam yarat\u0131r. Tekirda\u011f merkezli \u015firketler \u015funlard\u0131r:<\/p>\n\n\n\n<ul class=\"wp-block-list\">\n<li>Armasan Ambalaj A.\u015e.: Ambalaj sekt\u00f6r\u00fcnde kaliteli ve dayan\u0131kl\u0131 \u00fcr\u00fcnler \u00fcreten bir firmad\u0131r. G\u0131da, ila\u00e7, otomotiv gibi farkl\u0131 sekt\u00f6rlere y\u00f6nelik ambalaj \u00e7\u00f6z\u00fcmleri sunar.&nbsp;<\/li>\n\n\n\n<li>DAG\u0130 Giyim Sanayi ve Ticaret A.\u015e.:<strong> <\/strong>T\u00fcrkiye&#8217;nin \u00f6nde gelen giyim markalar\u0131ndan biridir. Erkek, kad\u0131n ve \u00e7ocuk giyimi \u00fczerine geni\u015f bir koleksiyon sunar. \u015eirket, kaliteli \u00fcretim, modern tasar\u0131mlar ve m\u00fc\u015fteri memnuniyetini \u00f6n planda tutarak sekt\u00f6rdeki g\u00fc\u00e7l\u00fc konumunu korur.<\/li>\n\n\n\n<li>Nurteks Tekstil ve Medikal Sanayi D\u0131\u015f Ticaret A.\u015e.: Tekstil ve medikal sekt\u00f6rlerinde faaliyet g\u00f6steren bir firmad\u0131r. Y\u00fcksek kaliteli kuma\u015flar ve medikal \u00fcr\u00fcnler \u00fcretir.<\/li>\n<\/ul>\n\n\n\n<h2 class=\"wp-block-heading\">Tekirda\u011f\u2019da ya\u015fam maliyeti nedir?<\/h2>\n\n\n\n<p>Tekirda\u011f\u2019da ya\u015fam maliyeti, b\u00fcy\u00fck\u015fehirlerle k\u0131yasland\u0131\u011f\u0131nda daha uygun seviyelerde kalmaktad\u0131r. Konut kiralar\u0131, \u0130stanbul ve Ankara gibi b\u00fcy\u00fck \u015fehirlere g\u00f6re daha d\u00fc\u015f\u00fck olup, ya\u015fam standard\u0131 genellikle daha eri\u015filebilir seviyelerdedir. Bunun yan\u0131 s\u0131ra, Tekirda\u011f\u2019da ula\u015f\u0131m, g\u0131da ve hizmet sekt\u00f6rlerindeki fiyatlar da uygun d\u00fczeyde bulunur.&nbsp;<\/p>\n<!-- templates\/buttons-placeholder.php -->\n<div class=\"da-reactions-outer TpostID5086\">\n\t    <div class=\"da-reactions-data da-reactions-container-async center\"\n         data-type=\"post\"\n         data-id=\"5086\"\n         id=\"da-reactions-slot-post-5086\">\n        <div class=\"da-reactions-static\">\n\t\t\t<img src=\"https:\/\/isinolsun.com\/blog\/wp-content\/plugins\/da-reactions\/assets\/dist\/loading.svg\" alt=\"Loading spinner\" width=\"48\" height=\"48\" style=\"width:48px\" \/>\n        <\/div>\n    <\/div>\n<\/div>\n","protected":false},"excerpt":{"rendered":"<p>Tekirda\u011f, Marmara B\u00f6lgesinde yer alan, deniz ve do\u011fa ile i\u00e7 i\u00e7e bir \u015fehir olarak hem \u00e7al\u0131\u015fma hem de ya\u015fam a\u00e7\u0131s\u0131ndan cazip f\u0131rsatlar sunuyor. \u015eehirdeki ya\u015fam ko\u015fullar\u0131, ula\u015f\u0131m kolayl\u0131klar\u0131 ve i\u015f imkanlar\u0131yla dikkat \u00e7ekiyor. Tekirda\u011f&#8217;da ya\u015famak, huzurlu bir \u00e7evrede \u00e7al\u0131\u015fmay\u0131 isteyenler i\u00e7in ideal bir se\u00e7enek. Tekirda\u011f b\u00f6lgesinde i\u015f ve ya\u015fam ile ilgili detayl\u0131 bilgiler \u015fimdi \u0130\u015fin [&hellip;]<\/p>\n<!-- templates\/buttons-placeholder.php -->\n<div class=\"da-reactions-outer TpostID5086\">\n\t    <div class=\"da-reactions-data da-reactions-container-async center\"\n         data-type=\"post\"\n         data-id=\"5086\"\n         id=\"da-reactions-slot-post-5086\">\n        <div class=\"da-reactions-static\">\n\t\t\t<img src=\"https:\/\/isinolsun.com\/blog\/wp-content\/plugins\/da-reactions\/assets\/dist\/loading.svg\" alt=\"Loading spinner\" width=\"48\" height=\"48\" style=\"width:48px\" \/>\n        <\/div>\n    <\/div>\n<\/div>\n","protected":false},"author":6,"featured_media":5513,"comment_status":"closed","ping_status":"open","sticky":false,"template":"","format":"standard","meta":{"footnotes":""},"categories":[192],"tags":[],"class_list":{"0":"post-5086","1":"post","2":"type-post","3":"status-publish","4":"format-standard","5":"has-post-thumbnail","7":"category-sehir-rehberi"},"yoast_head":"<!-- This site is optimized with the Yoast SEO plugin v26.8 - https:\/\/yoast.com\/product\/yoast-seo-wordpress\/ -->\n<title>Tekirda\u011f i\u015f ve ya\u015fam rehberi<\/title>\n<meta name=\"description\" content=\"Tekirda\u011f i\u015f ve ya\u015fam rehberimiz yay\u0131nda! Tekirda\u011f&#039;a yerle\u015fecekler ve ziyaret edecekler bu yaz\u0131y\u0131 mutlaka okumal\u0131!\" \/>\n<meta name=\"robots\" content=\"index, follow, max-snippet:-1, max-image-preview:large, max-video-preview:-1\" \/>\n<link rel=\"canonical\" href=\"https:\/\/isinolsun.com\/blog\/tekirdag-is-ve-yasam-rehberi\/\" \/>\n<meta property=\"og:locale\" content=\"tr_TR\" \/>\n<meta property=\"og:type\" content=\"article\" \/>\n<meta property=\"og:title\" content=\"Tekirda\u011f i\u015f ve ya\u015fam rehberi\" \/>\n<meta property=\"og:description\" content=\"Tekirda\u011f i\u015f ve ya\u015fam rehberimiz yay\u0131nda! Tekirda\u011f&#039;a yerle\u015fecekler ve ziyaret edecekler bu yaz\u0131y\u0131 mutlaka okumal\u0131!\" \/>\n<meta property=\"og:url\" content=\"https:\/\/isinolsun.com\/blog\/tekirdag-is-ve-yasam-rehberi\/\" \/>\n<meta property=\"og:site_name\" content=\"\u0130\u015fin Olsun | Blog\" \/>\n<meta property=\"article:published_time\" content=\"2025-04-29T12:01:26+00:00\" \/>\n<meta property=\"article:modified_time\" content=\"2025-06-15T13:52:55+00:00\" \/>\n<meta property=\"og:image\" content=\"https:\/\/isinolsun.com\/blog\/wp-content\/uploads\/2025\/04\/tekirdag-is-ve-yasam-rehberi.jpg\" \/>\n\t<meta property=\"og:image:width\" content=\"901\" \/>\n\t<meta property=\"og:image:height\" content=\"604\" \/>\n\t<meta property=\"og:image:type\" content=\"image\/jpeg\" \/>\n<meta name=\"author\" content=\"Figen Y\u00fczba\u015f\u0131o\u011flu\" \/>\n<meta name=\"twitter:card\" content=\"summary_large_image\" \/>\n<meta name=\"twitter:label1\" content=\"Yazan:\" \/>\n\t<meta name=\"twitter:data1\" content=\"Figen Y\u00fczba\u015f\u0131o\u011flu\" \/>\n\t<meta name=\"twitter:label2\" content=\"Tahmini okuma s\u00fcresi\" \/>\n\t<meta name=\"twitter:data2\" content=\"8 dakika\" \/>\n<script type=\"application\/ld+json\" class=\"yoast-schema-graph\">{\"@context\":\"https:\/\/schema.org\",\"@graph\":[{\"@type\":\"Article\",\"@id\":\"https:\/\/isinolsun.com\/blog\/tekirdag-is-ve-yasam-rehberi\/#article\",\"isPartOf\":{\"@id\":\"https:\/\/isinolsun.com\/blog\/tekirdag-is-ve-yasam-rehberi\/\"},\"author\":{\"name\":\"Figen Y\u00fczba\u015f\u0131o\u011flu\",\"@id\":\"https:\/\/isinolsun.com\/blog\/#\/schema\/person\/0e42571f49a0ccea89bc988c8deb2f0c\"},\"headline\":\"Tekirda\u011f i\u015f ve ya\u015fam rehberi\",\"datePublished\":\"2025-04-29T12:01:26+00:00\",\"dateModified\":\"2025-06-15T13:52:55+00:00\",\"mainEntityOfPage\":{\"@id\":\"https:\/\/isinolsun.com\/blog\/tekirdag-is-ve-yasam-rehberi\/\"},\"wordCount\":1811,\"image\":{\"@id\":\"https:\/\/isinolsun.com\/blog\/tekirdag-is-ve-yasam-rehberi\/#primaryimage\"},\"thumbnailUrl\":\"https:\/\/isinolsun.com\/blog\/wp-content\/uploads\/2025\/04\/tekirdag-is-ve-yasam-rehberi.jpg\",\"articleSection\":[\"\u015eehir Rehberi\"],\"inLanguage\":\"tr\"},{\"@type\":\"WebPage\",\"@id\":\"https:\/\/isinolsun.com\/blog\/tekirdag-is-ve-yasam-rehberi\/\",\"url\":\"https:\/\/isinolsun.com\/blog\/tekirdag-is-ve-yasam-rehberi\/\",\"name\":\"Tekirda\u011f i\u015f ve ya\u015fam rehberi\",\"isPartOf\":{\"@id\":\"https:\/\/isinolsun.com\/blog\/#website\"},\"primaryImageOfPage\":{\"@id\":\"https:\/\/isinolsun.com\/blog\/tekirdag-is-ve-yasam-rehberi\/#primaryimage\"},\"image\":{\"@id\":\"https:\/\/isinolsun.com\/blog\/tekirdag-is-ve-yasam-rehberi\/#primaryimage\"},\"thumbnailUrl\":\"https:\/\/isinolsun.com\/blog\/wp-content\/uploads\/2025\/04\/tekirdag-is-ve-yasam-rehberi.jpg\",\"dateModified\":\"2025-06-15T13:52:55+00:00\",\"author\":{\"@id\":\"https:\/\/isinolsun.com\/blog\/#\/schema\/person\/0e42571f49a0ccea89bc988c8deb2f0c\"},\"description\":\"Tekirda\u011f i\u015f ve ya\u015fam rehberimiz yay\u0131nda! Tekirda\u011f'a yerle\u015fecekler ve ziyaret edecekler bu yaz\u0131y\u0131 mutlaka okumal\u0131!\",\"breadcrumb\":{\"@id\":\"https:\/\/isinolsun.com\/blog\/tekirdag-is-ve-yasam-rehberi\/#breadcrumb\"},\"inLanguage\":\"tr\",\"potentialAction\":[{\"@type\":\"ReadAction\",\"target\":[\"https:\/\/isinolsun.com\/blog\/tekirdag-is-ve-yasam-rehberi\/\"]}]},{\"@type\":\"ImageObject\",\"inLanguage\":\"tr\",\"@id\":\"https:\/\/isinolsun.com\/blog\/tekirdag-is-ve-yasam-rehberi\/#primaryimage\",\"url\":\"https:\/\/isinolsun.com\/blog\/wp-content\/uploads\/2025\/04\/tekirdag-is-ve-yasam-rehberi.jpg\",\"contentUrl\":\"https:\/\/isinolsun.com\/blog\/wp-content\/uploads\/2025\/04\/tekirdag-is-ve-yasam-rehberi.jpg\",\"width\":901,\"height\":604},{\"@type\":\"BreadcrumbList\",\"@id\":\"https:\/\/isinolsun.com\/blog\/tekirdag-is-ve-yasam-rehberi\/#breadcrumb\",\"itemListElement\":[{\"@type\":\"ListItem\",\"position\":1,\"name\":\"Anasayfa\",\"item\":\"https:\/\/isinolsun.com\/blog\/\"},{\"@type\":\"ListItem\",\"position\":2,\"name\":\"Tekirda\u011f i\u015f ve ya\u015fam rehberi\"}]},{\"@type\":\"WebSite\",\"@id\":\"https:\/\/isinolsun.com\/blog\/#website\",\"url\":\"https:\/\/isinolsun.com\/blog\/\",\"name\":\"\u0130\u015fin Olsun | Blog\",\"description\":\"\",\"potentialAction\":[{\"@type\":\"SearchAction\",\"target\":{\"@type\":\"EntryPoint\",\"urlTemplate\":\"https:\/\/isinolsun.com\/blog\/?s={search_term_string}\"},\"query-input\":{\"@type\":\"PropertyValueSpecification\",\"valueRequired\":true,\"valueName\":\"search_term_string\"}}],\"inLanguage\":\"tr\"},{\"@type\":\"Person\",\"@id\":\"https:\/\/isinolsun.com\/blog\/#\/schema\/person\/0e42571f49a0ccea89bc988c8deb2f0c\",\"name\":\"Figen Y\u00fczba\u015f\u0131o\u011flu\",\"image\":{\"@type\":\"ImageObject\",\"inLanguage\":\"tr\",\"@id\":\"https:\/\/isinolsun.com\/blog\/#\/schema\/person\/image\/\",\"url\":\"https:\/\/secure.gravatar.com\/avatar\/0ca7589a4f7b3bd9453e8ef9e98cc57f63524f50962cd6a7d99916f512cc6aca?s=96&d=mm&r=g\",\"contentUrl\":\"https:\/\/secure.gravatar.com\/avatar\/0ca7589a4f7b3bd9453e8ef9e98cc57f63524f50962cd6a7d99916f512cc6aca?s=96&d=mm&r=g\",\"caption\":\"Figen Y\u00fczba\u015f\u0131o\u011flu\"},\"url\":\"https:\/\/isinolsun.com\/blog\/author\/figen-yuzbasioglu\/\"}]}<\/script>\n<!-- \/ Yoast SEO plugin. -->","yoast_head_json":{"title":"Tekirda\u011f i\u015f ve ya\u015fam rehberi","description":"Tekirda\u011f i\u015f ve ya\u015fam rehberimiz yay\u0131nda! Tekirda\u011f'a yerle\u015fecekler ve ziyaret edecekler bu yaz\u0131y\u0131 mutlaka okumal\u0131!","robots":{"index":"index","follow":"follow","max-snippet":"max-snippet:-1","max-image-preview":"max-image-preview:large","max-video-preview":"max-video-preview:-1"},"canonical":"https:\/\/isinolsun.com\/blog\/tekirdag-is-ve-yasam-rehberi\/","og_locale":"tr_TR","og_type":"article","og_title":"Tekirda\u011f i\u015f ve ya\u015fam rehberi","og_description":"Tekirda\u011f i\u015f ve ya\u015fam rehberimiz yay\u0131nda! Tekirda\u011f'a yerle\u015fecekler ve ziyaret edecekler bu yaz\u0131y\u0131 mutlaka okumal\u0131!","og_url":"https:\/\/isinolsun.com\/blog\/tekirdag-is-ve-yasam-rehberi\/","og_site_name":"\u0130\u015fin Olsun | Blog","article_published_time":"2025-04-29T12:01:26+00:00","article_modified_time":"2025-06-15T13:52:55+00:00","og_image":[{"width":901,"height":604,"url":"https:\/\/isinolsun.com\/blog\/wp-content\/uploads\/2025\/04\/tekirdag-is-ve-yasam-rehberi.jpg","type":"image\/jpeg"}],"author":"Figen Y\u00fczba\u015f\u0131o\u011flu","twitter_card":"summary_large_image","twitter_misc":{"Yazan:":"Figen Y\u00fczba\u015f\u0131o\u011flu","Tahmini okuma s\u00fcresi":"8 dakika"},"schema":{"@context":"https:\/\/schema.org","@graph":[{"@type":"Article","@id":"https:\/\/isinolsun.com\/blog\/tekirdag-is-ve-yasam-rehberi\/#article","isPartOf":{"@id":"https:\/\/isinolsun.com\/blog\/tekirdag-is-ve-yasam-rehberi\/"},"author":{"name":"Figen Y\u00fczba\u015f\u0131o\u011flu","@id":"https:\/\/isinolsun.com\/blog\/#\/schema\/person\/0e42571f49a0ccea89bc988c8deb2f0c"},"headline":"Tekirda\u011f i\u015f ve ya\u015fam rehberi","datePublished":"2025-04-29T12:01:26+00:00","dateModified":"2025-06-15T13:52:55+00:00","mainEntityOfPage":{"@id":"https:\/\/isinolsun.com\/blog\/tekirdag-is-ve-yasam-rehberi\/"},"wordCount":1811,"image":{"@id":"https:\/\/isinolsun.com\/blog\/tekirdag-is-ve-yasam-rehberi\/#primaryimage"},"thumbnailUrl":"https:\/\/isinolsun.com\/blog\/wp-content\/uploads\/2025\/04\/tekirdag-is-ve-yasam-rehberi.jpg","articleSection":["\u015eehir Rehberi"],"inLanguage":"tr"},{"@type":"WebPage","@id":"https:\/\/isinolsun.com\/blog\/tekirdag-is-ve-yasam-rehberi\/","url":"https:\/\/isinolsun.com\/blog\/tekirdag-is-ve-yasam-rehberi\/","name":"Tekirda\u011f i\u015f ve ya\u015fam rehberi","isPartOf":{"@id":"https:\/\/isinolsun.com\/blog\/#website"},"primaryImageOfPage":{"@id":"https:\/\/isinolsun.com\/blog\/tekirdag-is-ve-yasam-rehberi\/#primaryimage"},"image":{"@id":"https:\/\/isinolsun.com\/blog\/tekirdag-is-ve-yasam-rehberi\/#primaryimage"},"thumbnailUrl":"https:\/\/isinolsun.com\/blog\/wp-content\/uploads\/2025\/04\/tekirdag-is-ve-yasam-rehberi.jpg","dateModified":"2025-06-15T13:52:55+00:00","author":{"@id":"https:\/\/isinolsun.com\/blog\/#\/schema\/person\/0e42571f49a0ccea89bc988c8deb2f0c"},"description":"Tekirda\u011f i\u015f ve ya\u015fam rehberimiz yay\u0131nda! Tekirda\u011f'a yerle\u015fecekler ve ziyaret edecekler bu yaz\u0131y\u0131 mutlaka okumal\u0131!","breadcrumb":{"@id":"https:\/\/isinolsun.com\/blog\/tekirdag-is-ve-yasam-rehberi\/#breadcrumb"},"inLanguage":"tr","potentialAction":[{"@type":"ReadAction","target":["https:\/\/isinolsun.com\/blog\/tekirdag-is-ve-yasam-rehberi\/"]}]},{"@type":"ImageObject","inLanguage":"tr","@id":"https:\/\/isinolsun.com\/blog\/tekirdag-is-ve-yasam-rehberi\/#primaryimage","url":"https:\/\/isinolsun.com\/blog\/wp-content\/uploads\/2025\/04\/tekirdag-is-ve-yasam-rehberi.jpg","contentUrl":"https:\/\/isinolsun.com\/blog\/wp-content\/uploads\/2025\/04\/tekirdag-is-ve-yasam-rehberi.jpg","width":901,"height":604},{"@type":"BreadcrumbList","@id":"https:\/\/isinolsun.com\/blog\/tekirdag-is-ve-yasam-rehberi\/#breadcrumb","itemListElement":[{"@type":"ListItem","position":1,"name":"Anasayfa","item":"https:\/\/isinolsun.com\/blog\/"},{"@type":"ListItem","position":2,"name":"Tekirda\u011f i\u015f ve ya\u015fam rehberi"}]},{"@type":"WebSite","@id":"https:\/\/isinolsun.com\/blog\/#website","url":"https:\/\/isinolsun.com\/blog\/","name":"\u0130\u015fin Olsun | Blog","description":"","potentialAction":[{"@type":"SearchAction","target":{"@type":"EntryPoint","urlTemplate":"https:\/\/isinolsun.com\/blog\/?s={search_term_string}"},"query-input":{"@type":"PropertyValueSpecification","valueRequired":true,"valueName":"search_term_string"}}],"inLanguage":"tr"},{"@type":"Person","@id":"https:\/\/isinolsun.com\/blog\/#\/schema\/person\/0e42571f49a0ccea89bc988c8deb2f0c","name":"Figen Y\u00fczba\u015f\u0131o\u011flu","image":{"@type":"ImageObject","inLanguage":"tr","@id":"https:\/\/isinolsun.com\/blog\/#\/schema\/person\/image\/","url":"https:\/\/secure.gravatar.com\/avatar\/0ca7589a4f7b3bd9453e8ef9e98cc57f63524f50962cd6a7d99916f512cc6aca?s=96&d=mm&r=g","contentUrl":"https:\/\/secure.gravatar.com\/avatar\/0ca7589a4f7b3bd9453e8ef9e98cc57f63524f50962cd6a7d99916f512cc6aca?s=96&d=mm&r=g","caption":"Figen Y\u00fczba\u015f\u0131o\u011flu"},"url":"https:\/\/isinolsun.com\/blog\/author\/figen-yuzbasioglu\/"}]}},"_links":{"self":[{"href":"https:\/\/isinolsun.com\/blog\/wp-json\/wp\/v2\/posts\/5086","targetHints":{"allow":["GET"]}}],"collection":[{"href":"https:\/\/isinolsun.com\/blog\/wp-json\/wp\/v2\/posts"}],"about":[{"href":"https:\/\/isinolsun.com\/blog\/wp-json\/wp\/v2\/types\/post"}],"author":[{"embeddable":true,"href":"https:\/\/isinolsun.com\/blog\/wp-json\/wp\/v2\/users\/6"}],"replies":[{"embeddable":true,"href":"https:\/\/isinolsun.com\/blog\/wp-json\/wp\/v2\/comments?post=5086"}],"version-history":[{"count":2,"href":"https:\/\/isinolsun.com\/blog\/wp-json\/wp\/v2\/posts\/5086\/revisions"}],"predecessor-version":[{"id":5515,"href":"https:\/\/isinolsun.com\/blog\/wp-json\/wp\/v2\/posts\/5086\/revisions\/5515"}],"wp:featuredmedia":[{"embeddable":true,"href":"https:\/\/isinolsun.com\/blog\/wp-json\/wp\/v2\/media\/5513"}],"wp:attachment":[{"href":"https:\/\/isinolsun.com\/blog\/wp-json\/wp\/v2\/media?parent=5086"}],"wp:term":[{"taxonomy":"category","embeddable":true,"href":"https:\/\/isinolsun.com\/blog\/wp-json\/wp\/v2\/categories?post=5086"},{"taxonomy":"post_tag","embeddable":true,"href":"https:\/\/isinolsun.com\/blog\/wp-json\/wp\/v2\/tags?post=5086"}],"curies":[{"name":"wp","href":"https:\/\/api.w.org\/{rel}","templated":true}]}}