{"id":4233,"date":"2025-01-27T11:46:48","date_gmt":"2025-01-27T08:46:48","guid":{"rendered":"https:\/\/isinolsun.com\/blog\/?p=4233"},"modified":"2025-01-27T11:46:49","modified_gmt":"2025-01-27T08:46:49","slug":"fatura-nasil-kesilir","status":"publish","type":"post","link":"https:\/\/isinolsun.com\/blog\/fatura-nasil-kesilir\/","title":{"rendered":"Fatura nas\u0131l kesilir?"},"content":{"rendered":"\n<p><strong>Fatura kesmek i\u015fletmeler a\u00e7\u0131s\u0131ndan olduk\u00e7a \u00f6nemlidir. Fatura nas\u0131l kesilir bilmiyor ve bu konuda detayl\u0131 bilgi sahibi mi olmak istiyorsun? O halde bu i\u00e7erik tam sana g\u00f6re! Fatura kesimi ile ilgili t\u00fcm detaylara \u0130\u015fin Olsun\u2019dan ula\u015fabilirsin!<\/strong><\/p>\n\n\n\n<p>Fatura kesmek, ticari i\u015flemlerin belgelendirilmesi a\u00e7\u0131s\u0131ndan b\u00fcy\u00fck bir \u00f6neme sahiptir. Fatura, sat\u0131c\u0131 ile al\u0131c\u0131 aras\u0131ndaki ticari i\u015flemi belgeleyen ve hukuki olarak ge\u00e7erlili\u011fi olan bir dok\u00fcmand\u0131r. Fatura keserken, yasal y\u00fck\u00fcml\u00fcl\u00fcklerin yerine getirilmesi esast\u0131r. Bu esaslar \u015fu \u015fekilde s\u0131ralanabilir:<\/p>\n\n\n\n<ul class=\"wp-block-list\">\n<li>\u0130lk olarak, faturan\u0131n \u00fczerinde yer almas\u0131 gereken bilgiler eksiksiz olmal\u0131d\u0131r. Bu bilgiler aras\u0131nda; sat\u0131c\u0131n\u0131n ve al\u0131c\u0131n\u0131n ad\u0131, adresi, vergi numaras\u0131, fatura numaras\u0131, d\u00fczenlenme tarihi, mal veya hizmetin cinsi, miktar\u0131, birim fiyat\u0131, toplam tutar\u0131 ve KDV oran\u0131 gibi detaylar yer al\u0131r.<\/li>\n\n\n\n<li>Fatura, elektronik ortamda ya da ka\u011f\u0131t \u00fczerinde d\u00fczenlenebilir. Elektronik faturalar, e-fatura sistemine kay\u0131tl\u0131 m\u00fckellefler taraf\u0131ndan kullan\u0131l\u0131r ve bu sistemde d\u00fczenlenen faturalar, ka\u011f\u0131t fatura yerine ge\u00e7er.\u00a0<\/li>\n\n\n\n<li>Fatura kesmenin amac\u0131; ticari i\u015flemlerin yasal olarak belgelendirilmesini sa\u011flamak, vergi denetimlerinde kullan\u0131lmak \u00fczere gerekli bilgileri sunmak ve ticari anla\u015fmazl\u0131k durumlar\u0131nda delil te\u015fkil etmektir.\u00a0<\/li>\n\n\n\n<li>Fatura kesmenin \u00f6nemi sadece hukuki de\u011fil, ayn\u0131 zamanda finansal y\u00f6netim a\u00e7\u0131s\u0131ndan da b\u00fcy\u00fckt\u00fcr. \u0130\u015fletmeler; kesilen faturalar sayesinde gelir ve giderlerini takip edebilir, finansal raporlar\u0131n\u0131 daha do\u011fru ve g\u00fcvenilir bir \u015fekilde haz\u0131rlayabilirler.<\/li>\n\n\n\n<li>Ayr\u0131ca fatura kesilmesi, m\u00fc\u015fteri memnuniyeti ve profesyonellik a\u00e7\u0131s\u0131ndan da \u00f6nemlidir. M\u00fc\u015fterilere d\u00fczenli ve do\u011fru fatura sunmak, i\u015fletmenin g\u00fcvenilirli\u011fini art\u0131r\u0131r ve m\u00fc\u015fteri ili\u015fkilerini g\u00fc\u00e7lendirir.\u00a0<\/li>\n<\/ul>\n\n\n\n<p>Sonu\u00e7 olarak; fatura kesmek, yasal, finansal ve ticari a\u00e7\u0131lardan b\u00fcy\u00fck bir \u00f6neme sahiptir ve her i\u015fletmenin bu s\u00fcreci do\u011fru ve d\u00fczenli bir \u015fekilde y\u00f6netmesi gerekir.<\/p>\n\n\n\n<h2 class=\"wp-block-heading\">Fatura kesmenin \u00f6nemi nedir?<\/h2>\n\n\n\n<p>Fatura kesmenin \u00f6nemi, i\u015fletmelerin ticari faaliyetlerinin kay\u0131t alt\u0131na al\u0131nmas\u0131 ve yasal y\u00fck\u00fcml\u00fcl\u00fcklerin yerine getirilmesi a\u00e7\u0131s\u0131ndan b\u00fcy\u00fck bir de\u011fere sahiptir. Bir fatura, sat\u0131c\u0131 ile al\u0131c\u0131 aras\u0131nda ger\u00e7ekle\u015ftirilen ticari i\u015flemi belgeleyen resmi bir evrakt\u0131r ve bu belge hem taraflar\u0131n haklar\u0131n\u0131 korur hem de vergi denetimleri i\u00e7in gerekli olan bilgileri i\u00e7erir. Fatura kesmek; i\u015fletmenin gelir ve giderlerini do\u011fru bir \u015fekilde takip edebilmesi, mali tablolar\u0131n\u0131 g\u00fcvenilir bir \u015fekilde olu\u015fturabilmesi i\u00e7in hayati \u00f6neme sahiptir. Ayr\u0131ca fatura d\u00fczenlenmesi, i\u015fletmenin profesyonellik ve g\u00fcvenilirlik d\u00fczeyini de yans\u0131t\u0131r. M\u00fc\u015fteri memnuniyetini art\u0131rmak, i\u015fletmenin itibar\u0131n\u0131 g\u00fc\u00e7lendirmek; m\u00fc\u015fterilere d\u00fczenli ve do\u011fru faturalar sunmak ile do\u011frudan ili\u015fkilidir. Faturalar, ticari anla\u015fmazl\u0131k durumlar\u0131nda delil te\u015fkil eder ve hukuki s\u00fcre\u00e7lerde \u00f6nemli bir rol oynar. Yasal a\u00e7\u0131dan, vergi kanunlar\u0131na uyum sa\u011flamak ve cezai yapt\u0131r\u0131mlardan ka\u00e7\u0131nmak i\u00e7in fatura kesmek zorunludur. Vergi beyannamelerinin do\u011fru bir \u015fekilde haz\u0131rlanabilmesi i\u00e7in, kesilen faturalar\u0131n eksiksiz ve hatas\u0131z olmas\u0131 gerekir. Ayr\u0131ca e-fatura sistemine ge\u00e7i\u015f yapan i\u015fletmeler; i\u015flemlerini daha h\u0131zl\u0131 ve kolay bir \u015fekilde y\u00fcr\u00fctebilir, ka\u011f\u0131t israf\u0131n\u0131 \u00f6nleyerek \u00e7evre dostu bir yakla\u015f\u0131m benimseyebilirler. Sonu\u00e7 olarak, fatura kesmek, i\u015fletmelerin ticari faaliyetlerini d\u00fczenli ve \u015feffaf bir \u015fekilde y\u00fcr\u00fctebilmeleri, mali y\u00f6netimlerini sa\u011fl\u0131kl\u0131 bir \u015fekilde s\u00fcrd\u00fcrebilmeleri ve yasal y\u00fck\u00fcml\u00fcl\u00fcklerini eksiksiz bir \u015fekilde yerine getirebilmeleri i\u00e7in vazge\u00e7ilmez bir unsurdur.<\/p>\n\n\n\n<figure class=\"wp-block-image size-full\"><a href=\"https:\/\/app.adjust.com\/1kzsz78w\"><img fetchpriority=\"high\" decoding=\"async\" width=\"900\" height=\"100\" src=\"https:\/\/isinolsun.com\/blog\/wp-content\/uploads\/2025\/01\/isveren-13.png\" alt=\"\" class=\"wp-image-4236\" srcset=\"https:\/\/isinolsun.com\/blog\/wp-content\/uploads\/2025\/01\/isveren-13.png 900w, https:\/\/isinolsun.com\/blog\/wp-content\/uploads\/2025\/01\/isveren-13-300x33.png 300w, https:\/\/isinolsun.com\/blog\/wp-content\/uploads\/2025\/01\/isveren-13-768x85.png 768w, https:\/\/isinolsun.com\/blog\/wp-content\/uploads\/2025\/01\/isveren-13-450x50.png 450w, https:\/\/isinolsun.com\/blog\/wp-content\/uploads\/2025\/01\/isveren-13-780x87.png 780w\" sizes=\"(max-width: 900px) 100vw, 900px\" \/><\/a><\/figure>\n\n\n\n<h2 class=\"wp-block-heading\">Fatura t\u00fcrleri nelerdir?<\/h2>\n\n\n\n<p>Faturalar, i\u015fletmelerin ticari faaliyetlerinde d\u00fczenli olarak kulland\u0131klar\u0131 belgelerdir ve \u00e7e\u015fitli t\u00fcrlere ayr\u0131l\u0131r. Bu faturalar \u015fu \u015fekilde s\u0131ralanabilir:<\/p>\n\n\n\n<ul class=\"wp-block-list\">\n<li>En yayg\u0131n fatura t\u00fcrlerinden biri sat\u0131\u015f faturas\u0131d\u0131r. Bu, bir i\u015fletmenin m\u00fc\u015fteriyle yapt\u0131\u011f\u0131 sat\u0131\u015f i\u015flemine dair t\u00fcm detaylar\u0131 i\u00e7erir.\u00a0<\/li>\n\n\n\n<li>Al\u0131\u015f faturas\u0131 ise i\u015fletmenin tedarik\u00e7iden ald\u0131\u011f\u0131 mal veya hizmetlerin bedelini g\u00f6sterir.\u00a0<\/li>\n\n\n\n<li>\u0130rsaliyeli fatura, mal\u0131n sevki s\u0131ras\u0131nda d\u00fczenlenen ve hem irsaliye hem de fatura i\u015flevi g\u00f6ren bir belgedir.\u00a0<\/li>\n\n\n\n<li>Proforma fatura, genellikle bir teklif niteli\u011findedir ve sat\u0131\u015f ger\u00e7ekle\u015fmeden \u00f6nce al\u0131c\u0131ya sunulan \u00f6n faturad\u0131r.\u00a0<\/li>\n\n\n\n<li>Serbest meslek makbuzu, <a href=\"https:\/\/isinolsun.com\/is-ilanlari\/serbest-meslek\">serbest meslek<\/a> erbab\u0131n\u0131n sundu\u011fu hizmetler kar\u015f\u0131l\u0131\u011f\u0131nda d\u00fczenledi\u011fi fatura t\u00fcr\u00fcd\u00fcr.\u00a0<\/li>\n\n\n\n<li>Gider pusulas\u0131, vergi m\u00fckellefi olmayan ki\u015filerden al\u0131nan mal veya hizmetler i\u00e7in d\u00fczenlenen bir belgedir.\u00a0<\/li>\n\n\n\n<li>Elektronik fatura (e-fatura) ise dijital ortamda olu\u015fturulan ve saklanan faturad\u0131r. Ayr\u0131ca e-ar\u015fiv fatura da e-fatura kapsam\u0131na girmeyen m\u00fckellefler i\u00e7in d\u00fczenlenir.\u00a0<\/li>\n\n\n\n<li>\u0130hracat faturas\u0131 yurt d\u0131\u015f\u0131na yap\u0131lan sat\u0131\u015flar i\u00e7in d\u00fczenlenirken, konsinye fatura mal\u0131n al\u0131c\u0131ya teslim edildi\u011fi ancak m\u00fclkiyetinin sat\u0131c\u0131da kald\u0131\u011f\u0131 durumlarda kullan\u0131l\u0131r.\u00a0<\/li>\n\n\n\n<li>\u0130ade faturas\u0131, sat\u0131n al\u0131nan mal\u0131n veya hizmetin iadesi durumunda d\u00fczenlenen faturad\u0131r.\u00a0<\/li>\n<\/ul>\n\n\n\n<p>Her fatura t\u00fcr\u00fc belirli bir ticari i\u015flemi belgelemek i\u00e7in \u00f6zel olarak tasarlanm\u0131\u015f olup, mali ve hukuki gerekliliklere uygun \u015fekilde d\u00fczenlenmelidir.<\/p>\n\n\n\n<h2 class=\"wp-block-heading\">Fatura kesmek i\u00e7in gerekli belgeler nelerdir?<\/h2>\n\n\n\n<p>Fatura kesmek i\u00e7in gerekli belgeler, i\u015fletmenin faaliyet alan\u0131na ve yap\u0131lan i\u015fleme g\u00f6re de\u011fi\u015fiklik g\u00f6sterebilir. \u00d6ncelikle, i\u015fletmenin vergi m\u00fckellefi oldu\u011funa dair <a href=\"https:\/\/isinolsun.com\/blog\/vergi-levhasi-sorgulama-nasil-yapilir-vergi-levhasi-nasil-alinir\/\">Vergi Levhas\u0131<\/a> bulunmal\u0131d\u0131r. Vergi levhas\u0131, i\u015fletmenin kay\u0131tl\u0131 oldu\u011fu vergi dairesinden al\u0131n\u0131r ve i\u015fletmenin vergi kimlik numaras\u0131n\u0131 i\u00e7erir. Fatura d\u00fczenleyebilmek i\u00e7in ayr\u0131ca i\u015fletmenin bir Ticaret Sicil Gazetesi kayd\u0131 olmal\u0131d\u0131r. Bu belge, i\u015fletmenin yasal olarak tescil edildi\u011fini ve faaliyet g\u00f6sterebilece\u011fini kan\u0131tlar. \u0130mza sirk\u00fcleri, i\u015fletmenin yasal temsilcisinin kim oldu\u011funu ve hangi i\u015flemleri yapabilece\u011fini g\u00f6steren bir belgedir. Bu belge, noter onayl\u0131 olarak haz\u0131rlan\u0131r ve bankalar gibi resmi kurumlarda i\u015flem yapmak i\u00e7in gereklidir. Fatura d\u00fczenleme i\u015flemi s\u0131ras\u0131nda kullan\u0131lacak faturalar\u0131n Maliye Bakanl\u0131\u011f\u0131 onayl\u0131 matbaalarda bast\u0131r\u0131lm\u0131\u015f olmas\u0131 gereklidir. Elektronik fatura (e-fatura) kullanacak i\u015fletmeler ise Gelir \u0130daresi Ba\u015fkanl\u0131\u011f\u0131 taraf\u0131ndan yetkilendirilmi\u015f entegrat\u00f6rler arac\u0131l\u0131\u011f\u0131yla e-fatura sistemine kay\u0131t olmal\u0131d\u0131r. Ayr\u0131ca e-imza veya mali m\u00fch\u00fcr gibi dijital imzalama ara\u00e7lar\u0131 da gereklidir. Sat\u0131\u015f i\u015flemlerinde d\u00fczenlenecek faturalarda; sat\u0131lan mal veya hizmetin t\u00fcr\u00fc, miktar\u0131, birim fiyat\u0131, toplam tutar\u0131, KDV oran\u0131 ve toplam KDV tutar\u0131 gibi bilgilerin eksiksiz ve do\u011fru bir \u015fekilde yer almas\u0131 zorunludur. Bu belgeler, fatura kesme i\u015fleminin yasal ve d\u00fczenli bir \u015fekilde ger\u00e7ekle\u015ftirilmesi i\u00e7in gereklidir.<\/p>\n\n\n\n<h2 class=\"wp-block-heading\">Fatura kesme s\u00fcrecinin a\u015famalar\u0131<\/h2>\n\n\n\n<p>Fatura kesme s\u00fcreci, i\u015fletmelerin gelirlerini ve giderlerini d\u00fczenli bir \u015fekilde takip etmeleri i\u00e7in kritik bir ad\u0131md\u0131r. Bu s\u00fcre\u00e7, \u00f6ncelikle sat\u0131\u015f i\u015fleminin tamamlanmas\u0131yla ba\u015flar. M\u00fc\u015fteriye sunulan mal veya hizmetin teslim edilmesinin ard\u0131ndan, fatura kesimi i\u00e7in gerekli bilgiler toplan\u0131r. Bu bilgiler aras\u0131nda; m\u00fc\u015fteri ad\u0131, adresi, vergi numaras\u0131, sat\u0131lan \u00fcr\u00fcn veya hizmetin detaylar\u0131, miktar\u0131, birim fiyat\u0131 ve toplam tutar yer al\u0131r. Faturada yer alacak t\u00fcm bilgilerin do\u011frulu\u011fundan emin olunmas\u0131 gerekir. Daha sonra fatura belgesi olu\u015fturulur ve gerekli yasal d\u00fczenlemelere uygunlu\u011fu kontrol edilir. T\u00fcrkiye\u2019de elektronik fatura (e-Fatura) kullan\u0131m\u0131 yayg\u0131nla\u015ft\u0131\u011f\u0131ndan, fatura kesimi genellikle elektronik ortamda ger\u00e7ekle\u015ftirilir. Fatura, muhasebe yaz\u0131l\u0131mlar\u0131 veya <a href=\"https:\/\/isinolsun.com\/blog\/gib-portal-nasil-kullanilir-gib-portala-nasil-giris-yapilir\/\">Gelir \u0130daresi Ba\u015fkanl\u0131\u011f\u0131 (G\u0130B)<\/a> taraf\u0131ndan sunulan e-Fatura portal\u0131 \u00fczerinden olu\u015fturulabilir. Faturan\u0131n kesilmesiyle birlikte, m\u00fc\u015fteriye teslim edilmesi veya elektronik ortamda iletilmesi sa\u011flan\u0131r. Bu a\u015famadan sonra, fatura i\u015fletmenin muhasebe kay\u0131tlar\u0131na al\u0131n\u0131r ve gerekli raporlamalar yap\u0131l\u0131r. Faturalar\u0131n d\u00fczenli bir \u015fekilde ar\u015fivlenmesi ve saklanmas\u0131, hem i\u015fletme i\u00e7i takip hem de vergi denetimleri a\u00e7\u0131s\u0131ndan b\u00fcy\u00fck \u00f6nem ta\u015f\u0131r. Son olarak faturalar\u0131n zaman\u0131nda kesilmesi ve yasal s\u00fcreler i\u00e7inde iletilmesi, i\u015fletmenin mali disiplini ve m\u00fc\u015fteri ili\u015fkilerinin s\u00fcrd\u00fcr\u00fclebilirli\u011fi a\u00e7\u0131s\u0131ndan kritik bir unsurdur. Fatura kesme s\u00fcrecinin titizlikle ve dikkatle y\u00fcr\u00fct\u00fclmesi, i\u015fletmelerin finansal sa\u011fl\u0131\u011f\u0131n\u0131 ve yasal uyumlulu\u011funu korur.<\/p>\n\n\n\n<h2 class=\"wp-block-heading\">Fatura keserken dikkat edilmesi gerekenler<\/h2>\n\n\n\n<p>Fatura keserken dikkat edilmesi gereken bir\u00e7ok \u00f6nemli husus bulunur. \u0130lk olarak, faturan\u0131n yasal mevzuatlara uygun olarak haz\u0131rlanmas\u0131 ve gerekli t\u00fcm bilgilerin eksiksiz bir \u015fekilde yer almas\u0131 gerekir. Faturada yer almas\u0131 gereken temel bilgiler aras\u0131nda; sat\u0131c\u0131n\u0131n ve al\u0131c\u0131n\u0131n ad\u0131, adresi, vergi kimlik numaralar\u0131, fatura tarihi, fatura numaras\u0131, sat\u0131lan mal veya hizmetin cinsi, miktar\u0131, birim fiyat\u0131 ve toplam tutar gibi detaylar bulunur. Bu bilgilerin do\u011frulu\u011fu ve taml\u0131\u011f\u0131, olas\u0131 yasal sorunlar\u0131n \u00f6n\u00fcne ge\u00e7mek ad\u0131na olduk\u00e7a kritiktir. Ayr\u0131ca KDV oran\u0131n\u0131n ve tutar\u0131n\u0131n do\u011fru bir \u015fekilde belirtilmesi, vergi y\u00fck\u00fcml\u00fcl\u00fcklerinin do\u011fru hesaplanmas\u0131 a\u00e7\u0131s\u0131ndan \u00f6nem arz eder. Fatura kesiminde zamanlama da kritik bir rol oynar; i\u015flemin ger\u00e7ekle\u015fti\u011fi tarihte fatura kesilmeli ve yasal s\u00fcreler i\u00e7erisinde ilgili tarafa iletilmelidir. Elektronik fatura (e-Fatura) kullan\u0131m\u0131 durumunda, Gelir \u0130daresi Ba\u015fkanl\u0131\u011f\u0131 (G\u0130B) taraf\u0131ndan belirlenen kurallar do\u011frultusunda i\u015flem yap\u0131lmal\u0131d\u0131r. Fatura kesiminde kullan\u0131lan yaz\u0131l\u0131m\u0131n g\u00fcncel ve yasal d\u00fczenlemelere uygun olmas\u0131, i\u015flemlerin sorunsuz ilerlemesini sa\u011flar. Ayr\u0131ca faturalar\u0131n d\u00fczenli olarak ar\u015fivlenmesi ve saklanmas\u0131, ileride yap\u0131labilecek denetimler veya incelemeler i\u00e7in \u00f6nemlidir. Fatura kesiminde yap\u0131lan hatalar, i\u015fletme i\u00e7in mali ve hukuki riskler olu\u015fturabilir. Bu nedenle, s\u00fcrecin titizlikle y\u00fcr\u00fct\u00fclmesi ve kontrollerin d\u00fczenli olarak yap\u0131lmas\u0131 gerekir. Bu hususlara dikkat edilerek kesilen faturalar, i\u015fletmenin mali disiplinini korumas\u0131na ve yasal y\u00fck\u00fcml\u00fcl\u00fcklerini yerine getirmesine yard\u0131mc\u0131 olur.<\/p>\n<!-- templates\/buttons-placeholder.php -->\n<div class=\"da-reactions-outer TpostID4233\">\n\t    <div class=\"da-reactions-data da-reactions-container-async center\"\n         data-type=\"post\"\n         data-id=\"4233\"\n         id=\"da-reactions-slot-post-4233\">\n        <div class=\"da-reactions-static\">\n\t\t\t<img src=\"https:\/\/isinolsun.com\/blog\/wp-content\/plugins\/da-reactions\/assets\/dist\/loading.svg\" alt=\"Loading spinner\" width=\"48\" height=\"48\" style=\"width:48px\" \/>\n        <\/div>\n    <\/div>\n<\/div>\n","protected":false},"excerpt":{"rendered":"<p>Fatura kesmek i\u015fletmeler a\u00e7\u0131s\u0131ndan olduk\u00e7a \u00f6nemlidir. Fatura nas\u0131l kesilir bilmiyor ve bu konuda detayl\u0131 bilgi sahibi mi olmak istiyorsun? O halde bu i\u00e7erik tam sana g\u00f6re! Fatura kesimi ile ilgili t\u00fcm detaylara \u0130\u015fin Olsun\u2019dan ula\u015fabilirsin! Fatura kesmek, ticari i\u015flemlerin belgelendirilmesi a\u00e7\u0131s\u0131ndan b\u00fcy\u00fck bir \u00f6neme sahiptir. Fatura, sat\u0131c\u0131 ile al\u0131c\u0131 aras\u0131ndaki ticari i\u015flemi belgeleyen ve hukuki [&hellip;]<\/p>\n<!-- templates\/buttons-placeholder.php -->\n<div class=\"da-reactions-outer TpostID4233\">\n\t    <div class=\"da-reactions-data da-reactions-container-async center\"\n         data-type=\"post\"\n         data-id=\"4233\"\n         id=\"da-reactions-slot-post-4233\">\n        <div class=\"da-reactions-static\">\n\t\t\t<img src=\"https:\/\/isinolsun.com\/blog\/wp-content\/plugins\/da-reactions\/assets\/dist\/loading.svg\" alt=\"Loading spinner\" width=\"48\" height=\"48\" style=\"width:48px\" \/>\n        <\/div>\n    <\/div>\n<\/div>\n","protected":false},"author":4,"featured_media":4235,"comment_status":"closed","ping_status":"open","sticky":false,"template":"","format":"standard","meta":{"footnotes":""},"categories":[190],"tags":[],"class_list":{"0":"post-4233","1":"post","2":"type-post","3":"status-publish","4":"format-standard","5":"has-post-thumbnail","7":"category-isveren-rehberi"},"yoast_head":"<!-- This site is optimized with the Yoast SEO plugin v26.8 - https:\/\/yoast.com\/product\/yoast-seo-wordpress\/ -->\n<title>Fatura nas\u0131l kesilir?<\/title>\n<meta name=\"description\" content=\"Fatura kesmeye ihtiyac\u0131n\u0131z var ama nas\u0131l yap\u0131laca\u011f\u0131n\u0131 bilmiyor musunuz? Fatura nas\u0131l kesilir \u00f6\u011frenmek i\u00e7in t\u0131klay\u0131n!\" \/>\n<meta name=\"robots\" content=\"index, follow, max-snippet:-1, max-image-preview:large, max-video-preview:-1\" \/>\n<link rel=\"canonical\" href=\"https:\/\/isinolsun.com\/blog\/fatura-nasil-kesilir\/\" \/>\n<meta property=\"og:locale\" content=\"tr_TR\" \/>\n<meta property=\"og:type\" content=\"article\" \/>\n<meta property=\"og:title\" content=\"Fatura nas\u0131l kesilir?\" \/>\n<meta property=\"og:description\" content=\"Fatura kesmeye ihtiyac\u0131n\u0131z var ama nas\u0131l yap\u0131laca\u011f\u0131n\u0131 bilmiyor musunuz? Fatura nas\u0131l kesilir \u00f6\u011frenmek i\u00e7in t\u0131klay\u0131n!\" \/>\n<meta property=\"og:url\" content=\"https:\/\/isinolsun.com\/blog\/fatura-nasil-kesilir\/\" \/>\n<meta property=\"og:site_name\" content=\"\u0130\u015fin Olsun | Blog\" \/>\n<meta property=\"article:published_time\" content=\"2025-01-27T08:46:48+00:00\" \/>\n<meta property=\"article:modified_time\" content=\"2025-01-27T08:46:49+00:00\" \/>\n<meta property=\"og:image\" content=\"https:\/\/isinolsun.com\/blog\/wp-content\/uploads\/2025\/01\/fatura-nasil-kesilir.jpg\" \/>\n\t<meta property=\"og:image:width\" content=\"904\" \/>\n\t<meta property=\"og:image:height\" content=\"606\" \/>\n\t<meta property=\"og:image:type\" content=\"image\/jpeg\" \/>\n<meta name=\"author\" content=\"\u0130\u015fin Olsun\" \/>\n<meta name=\"twitter:card\" content=\"summary_large_image\" \/>\n<meta name=\"twitter:label1\" content=\"Yazan:\" \/>\n\t<meta name=\"twitter:data1\" content=\"\u0130\u015fin Olsun\" \/>\n\t<meta name=\"twitter:label2\" content=\"Tahmini okuma s\u00fcresi\" \/>\n\t<meta name=\"twitter:data2\" content=\"8 dakika\" \/>\n<script type=\"application\/ld+json\" class=\"yoast-schema-graph\">{\"@context\":\"https:\/\/schema.org\",\"@graph\":[{\"@type\":\"Article\",\"@id\":\"https:\/\/isinolsun.com\/blog\/fatura-nasil-kesilir\/#article\",\"isPartOf\":{\"@id\":\"https:\/\/isinolsun.com\/blog\/fatura-nasil-kesilir\/\"},\"author\":{\"name\":\"\u0130\u015fin Olsun\",\"@id\":\"https:\/\/isinolsun.com\/blog\/#\/schema\/person\/606f5f96303475d659c6a6db7b333179\"},\"headline\":\"Fatura nas\u0131l kesilir?\",\"datePublished\":\"2025-01-27T08:46:48+00:00\",\"dateModified\":\"2025-01-27T08:46:49+00:00\",\"mainEntityOfPage\":{\"@id\":\"https:\/\/isinolsun.com\/blog\/fatura-nasil-kesilir\/\"},\"wordCount\":1671,\"image\":{\"@id\":\"https:\/\/isinolsun.com\/blog\/fatura-nasil-kesilir\/#primaryimage\"},\"thumbnailUrl\":\"https:\/\/isinolsun.com\/blog\/wp-content\/uploads\/2025\/01\/fatura-nasil-kesilir.jpg\",\"articleSection\":[\"\u0130\u015fveren Rehberi\"],\"inLanguage\":\"tr\"},{\"@type\":\"WebPage\",\"@id\":\"https:\/\/isinolsun.com\/blog\/fatura-nasil-kesilir\/\",\"url\":\"https:\/\/isinolsun.com\/blog\/fatura-nasil-kesilir\/\",\"name\":\"Fatura nas\u0131l kesilir?\",\"isPartOf\":{\"@id\":\"https:\/\/isinolsun.com\/blog\/#website\"},\"primaryImageOfPage\":{\"@id\":\"https:\/\/isinolsun.com\/blog\/fatura-nasil-kesilir\/#primaryimage\"},\"image\":{\"@id\":\"https:\/\/isinolsun.com\/blog\/fatura-nasil-kesilir\/#primaryimage\"},\"thumbnailUrl\":\"https:\/\/isinolsun.com\/blog\/wp-content\/uploads\/2025\/01\/fatura-nasil-kesilir.jpg\",\"dateModified\":\"2025-01-27T08:46:49+00:00\",\"author\":{\"@id\":\"https:\/\/isinolsun.com\/blog\/#\/schema\/person\/606f5f96303475d659c6a6db7b333179\"},\"description\":\"Fatura kesmeye ihtiyac\u0131n\u0131z var ama nas\u0131l yap\u0131laca\u011f\u0131n\u0131 bilmiyor musunuz? Fatura nas\u0131l kesilir \u00f6\u011frenmek i\u00e7in t\u0131klay\u0131n!\",\"breadcrumb\":{\"@id\":\"https:\/\/isinolsun.com\/blog\/fatura-nasil-kesilir\/#breadcrumb\"},\"inLanguage\":\"tr\",\"potentialAction\":[{\"@type\":\"ReadAction\",\"target\":[\"https:\/\/isinolsun.com\/blog\/fatura-nasil-kesilir\/\"]}]},{\"@type\":\"ImageObject\",\"inLanguage\":\"tr\",\"@id\":\"https:\/\/isinolsun.com\/blog\/fatura-nasil-kesilir\/#primaryimage\",\"url\":\"https:\/\/isinolsun.com\/blog\/wp-content\/uploads\/2025\/01\/fatura-nasil-kesilir.jpg\",\"contentUrl\":\"https:\/\/isinolsun.com\/blog\/wp-content\/uploads\/2025\/01\/fatura-nasil-kesilir.jpg\",\"width\":904,\"height\":606},{\"@type\":\"BreadcrumbList\",\"@id\":\"https:\/\/isinolsun.com\/blog\/fatura-nasil-kesilir\/#breadcrumb\",\"itemListElement\":[{\"@type\":\"ListItem\",\"position\":1,\"name\":\"Anasayfa\",\"item\":\"https:\/\/isinolsun.com\/blog\/\"},{\"@type\":\"ListItem\",\"position\":2,\"name\":\"Fatura nas\u0131l kesilir?\"}]},{\"@type\":\"WebSite\",\"@id\":\"https:\/\/isinolsun.com\/blog\/#website\",\"url\":\"https:\/\/isinolsun.com\/blog\/\",\"name\":\"\u0130\u015fin Olsun | Blog\",\"description\":\"\",\"potentialAction\":[{\"@type\":\"SearchAction\",\"target\":{\"@type\":\"EntryPoint\",\"urlTemplate\":\"https:\/\/isinolsun.com\/blog\/?s={search_term_string}\"},\"query-input\":{\"@type\":\"PropertyValueSpecification\",\"valueRequired\":true,\"valueName\":\"search_term_string\"}}],\"inLanguage\":\"tr\"},{\"@type\":\"Person\",\"@id\":\"https:\/\/isinolsun.com\/blog\/#\/schema\/person\/606f5f96303475d659c6a6db7b333179\",\"name\":\"\u0130\u015fin Olsun\",\"image\":{\"@type\":\"ImageObject\",\"inLanguage\":\"tr\",\"@id\":\"https:\/\/isinolsun.com\/blog\/#\/schema\/person\/image\/\",\"url\":\"https:\/\/secure.gravatar.com\/avatar\/5f63bec55ceb4372c3a37b8d3749145726d83d89afd5df1d133f8345322f1e19?s=96&d=mm&r=g\",\"contentUrl\":\"https:\/\/secure.gravatar.com\/avatar\/5f63bec55ceb4372c3a37b8d3749145726d83d89afd5df1d133f8345322f1e19?s=96&d=mm&r=g\",\"caption\":\"\u0130\u015fin Olsun\"},\"sameAs\":[\"https:\/\/isinolsun.com\"],\"url\":\"https:\/\/isinolsun.com\/blog\/author\/isinolsun\/\"}]}<\/script>\n<!-- \/ Yoast SEO plugin. -->","yoast_head_json":{"title":"Fatura nas\u0131l kesilir?","description":"Fatura kesmeye ihtiyac\u0131n\u0131z var ama nas\u0131l yap\u0131laca\u011f\u0131n\u0131 bilmiyor musunuz? Fatura nas\u0131l kesilir \u00f6\u011frenmek i\u00e7in t\u0131klay\u0131n!","robots":{"index":"index","follow":"follow","max-snippet":"max-snippet:-1","max-image-preview":"max-image-preview:large","max-video-preview":"max-video-preview:-1"},"canonical":"https:\/\/isinolsun.com\/blog\/fatura-nasil-kesilir\/","og_locale":"tr_TR","og_type":"article","og_title":"Fatura nas\u0131l kesilir?","og_description":"Fatura kesmeye ihtiyac\u0131n\u0131z var ama nas\u0131l yap\u0131laca\u011f\u0131n\u0131 bilmiyor musunuz? Fatura nas\u0131l kesilir \u00f6\u011frenmek i\u00e7in t\u0131klay\u0131n!","og_url":"https:\/\/isinolsun.com\/blog\/fatura-nasil-kesilir\/","og_site_name":"\u0130\u015fin Olsun | Blog","article_published_time":"2025-01-27T08:46:48+00:00","article_modified_time":"2025-01-27T08:46:49+00:00","og_image":[{"width":904,"height":606,"url":"https:\/\/isinolsun.com\/blog\/wp-content\/uploads\/2025\/01\/fatura-nasil-kesilir.jpg","type":"image\/jpeg"}],"author":"\u0130\u015fin Olsun","twitter_card":"summary_large_image","twitter_misc":{"Yazan:":"\u0130\u015fin Olsun","Tahmini okuma s\u00fcresi":"8 dakika"},"schema":{"@context":"https:\/\/schema.org","@graph":[{"@type":"Article","@id":"https:\/\/isinolsun.com\/blog\/fatura-nasil-kesilir\/#article","isPartOf":{"@id":"https:\/\/isinolsun.com\/blog\/fatura-nasil-kesilir\/"},"author":{"name":"\u0130\u015fin Olsun","@id":"https:\/\/isinolsun.com\/blog\/#\/schema\/person\/606f5f96303475d659c6a6db7b333179"},"headline":"Fatura nas\u0131l kesilir?","datePublished":"2025-01-27T08:46:48+00:00","dateModified":"2025-01-27T08:46:49+00:00","mainEntityOfPage":{"@id":"https:\/\/isinolsun.com\/blog\/fatura-nasil-kesilir\/"},"wordCount":1671,"image":{"@id":"https:\/\/isinolsun.com\/blog\/fatura-nasil-kesilir\/#primaryimage"},"thumbnailUrl":"https:\/\/isinolsun.com\/blog\/wp-content\/uploads\/2025\/01\/fatura-nasil-kesilir.jpg","articleSection":["\u0130\u015fveren Rehberi"],"inLanguage":"tr"},{"@type":"WebPage","@id":"https:\/\/isinolsun.com\/blog\/fatura-nasil-kesilir\/","url":"https:\/\/isinolsun.com\/blog\/fatura-nasil-kesilir\/","name":"Fatura nas\u0131l kesilir?","isPartOf":{"@id":"https:\/\/isinolsun.com\/blog\/#website"},"primaryImageOfPage":{"@id":"https:\/\/isinolsun.com\/blog\/fatura-nasil-kesilir\/#primaryimage"},"image":{"@id":"https:\/\/isinolsun.com\/blog\/fatura-nasil-kesilir\/#primaryimage"},"thumbnailUrl":"https:\/\/isinolsun.com\/blog\/wp-content\/uploads\/2025\/01\/fatura-nasil-kesilir.jpg","dateModified":"2025-01-27T08:46:49+00:00","author":{"@id":"https:\/\/isinolsun.com\/blog\/#\/schema\/person\/606f5f96303475d659c6a6db7b333179"},"description":"Fatura kesmeye ihtiyac\u0131n\u0131z var ama nas\u0131l yap\u0131laca\u011f\u0131n\u0131 bilmiyor musunuz? Fatura nas\u0131l kesilir \u00f6\u011frenmek i\u00e7in t\u0131klay\u0131n!","breadcrumb":{"@id":"https:\/\/isinolsun.com\/blog\/fatura-nasil-kesilir\/#breadcrumb"},"inLanguage":"tr","potentialAction":[{"@type":"ReadAction","target":["https:\/\/isinolsun.com\/blog\/fatura-nasil-kesilir\/"]}]},{"@type":"ImageObject","inLanguage":"tr","@id":"https:\/\/isinolsun.com\/blog\/fatura-nasil-kesilir\/#primaryimage","url":"https:\/\/isinolsun.com\/blog\/wp-content\/uploads\/2025\/01\/fatura-nasil-kesilir.jpg","contentUrl":"https:\/\/isinolsun.com\/blog\/wp-content\/uploads\/2025\/01\/fatura-nasil-kesilir.jpg","width":904,"height":606},{"@type":"BreadcrumbList","@id":"https:\/\/isinolsun.com\/blog\/fatura-nasil-kesilir\/#breadcrumb","itemListElement":[{"@type":"ListItem","position":1,"name":"Anasayfa","item":"https:\/\/isinolsun.com\/blog\/"},{"@type":"ListItem","position":2,"name":"Fatura nas\u0131l kesilir?"}]},{"@type":"WebSite","@id":"https:\/\/isinolsun.com\/blog\/#website","url":"https:\/\/isinolsun.com\/blog\/","name":"\u0130\u015fin Olsun | Blog","description":"","potentialAction":[{"@type":"SearchAction","target":{"@type":"EntryPoint","urlTemplate":"https:\/\/isinolsun.com\/blog\/?s={search_term_string}"},"query-input":{"@type":"PropertyValueSpecification","valueRequired":true,"valueName":"search_term_string"}}],"inLanguage":"tr"},{"@type":"Person","@id":"https:\/\/isinolsun.com\/blog\/#\/schema\/person\/606f5f96303475d659c6a6db7b333179","name":"\u0130\u015fin Olsun","image":{"@type":"ImageObject","inLanguage":"tr","@id":"https:\/\/isinolsun.com\/blog\/#\/schema\/person\/image\/","url":"https:\/\/secure.gravatar.com\/avatar\/5f63bec55ceb4372c3a37b8d3749145726d83d89afd5df1d133f8345322f1e19?s=96&d=mm&r=g","contentUrl":"https:\/\/secure.gravatar.com\/avatar\/5f63bec55ceb4372c3a37b8d3749145726d83d89afd5df1d133f8345322f1e19?s=96&d=mm&r=g","caption":"\u0130\u015fin Olsun"},"sameAs":["https:\/\/isinolsun.com"],"url":"https:\/\/isinolsun.com\/blog\/author\/isinolsun\/"}]}},"_links":{"self":[{"href":"https:\/\/isinolsun.com\/blog\/wp-json\/wp\/v2\/posts\/4233","targetHints":{"allow":["GET"]}}],"collection":[{"href":"https:\/\/isinolsun.com\/blog\/wp-json\/wp\/v2\/posts"}],"about":[{"href":"https:\/\/isinolsun.com\/blog\/wp-json\/wp\/v2\/types\/post"}],"author":[{"embeddable":true,"href":"https:\/\/isinolsun.com\/blog\/wp-json\/wp\/v2\/users\/4"}],"replies":[{"embeddable":true,"href":"https:\/\/isinolsun.com\/blog\/wp-json\/wp\/v2\/comments?post=4233"}],"version-history":[{"count":1,"href":"https:\/\/isinolsun.com\/blog\/wp-json\/wp\/v2\/posts\/4233\/revisions"}],"predecessor-version":[{"id":4237,"href":"https:\/\/isinolsun.com\/blog\/wp-json\/wp\/v2\/posts\/4233\/revisions\/4237"}],"wp:featuredmedia":[{"embeddable":true,"href":"https:\/\/isinolsun.com\/blog\/wp-json\/wp\/v2\/media\/4235"}],"wp:attachment":[{"href":"https:\/\/isinolsun.com\/blog\/wp-json\/wp\/v2\/media?parent=4233"}],"wp:term":[{"taxonomy":"category","embeddable":true,"href":"https:\/\/isinolsun.com\/blog\/wp-json\/wp\/v2\/categories?post=4233"},{"taxonomy":"post_tag","embeddable":true,"href":"https:\/\/isinolsun.com\/blog\/wp-json\/wp\/v2\/tags?post=4233"}],"curies":[{"name":"wp","href":"https:\/\/api.w.org\/{rel}","templated":true}]}}