{"id":2437,"date":"2024-07-23T09:00:28","date_gmt":"2024-07-23T06:00:28","guid":{"rendered":"https:\/\/isinolsun.com\/blog\/?p=2437"},"modified":"2024-07-23T11:51:01","modified_gmt":"2024-07-23T08:51:01","slug":"is-gunu-nasil-hesaplanir","status":"publish","type":"post","link":"https:\/\/isinolsun.com\/blog\/is-gunu-nasil-hesaplanir\/","title":{"rendered":"\u0130\u015f g\u00fcn\u00fc nas\u0131l hesaplan\u0131r?"},"content":{"rendered":"\n<p><strong>Meslek hayat\u0131na at\u0131lmadan \u00f6nce baz\u0131 yan haklar hakk\u0131nda bilgi sahibi olmak gerekir. Bu yan haklar ve prosed\u00fcrler profesyonel bir kariyere sahip olmak ad\u0131na \u00f6nemlidir. \u00c7al\u0131\u015fma haklar\u0131ndan SGK i\u015f g\u00fcn\u00fc nas\u0131l hesaplan\u0131r konusuna kadar kadar merak etti\u011fin t\u00fcm detaylar \u0130\u015fin Olsun\u2019da!<\/strong><\/p>\n\n\n\n<p>\u0130\u015f g\u00fcn\u00fc, bir \u00e7al\u0131\u015fan\u0131n mesaiye gitmesi gereken ve \u00e7al\u0131\u015ft\u0131\u011f\u0131 s\u00fcrenin resmi olarak say\u0131ld\u0131\u011f\u0131 g\u00fcnleri ifade eder. <strong>\u0130\u015f g\u00fcn\u00fc hesaplama <\/strong>i\u015flemi, \u00e7al\u0131\u015fan ve i\u015fveren a\u00e7\u0131s\u0131ndan \u00f6nem ta\u015f\u0131r ve genellikle hafta i\u00e7i be\u015f g\u00fcn olarak kabul edilir. \u0130\u015f g\u00fcn\u00fc hesab\u0131 yap\u0131l\u0131rken dikkate al\u0131nmas\u0131 gereken baz\u0131 \u00f6nemli fakt\u00f6rler bulunur. \u0130\u015flem s\u0131ras\u0131nda i\u015f\u00e7inin \u00e7al\u0131\u015fma s\u00f6zle\u015fmesinde belirtilen g\u00fcnl\u00fck \u00e7al\u0131\u015fma saatleri ve haftal\u0131k \u00e7al\u0131\u015fma s\u00fcresi dikkate al\u0131n\u0131r. Bu s\u00fcreler, i\u015f\u00e7inin \u00e7al\u0131\u015fma program\u0131na ve i\u015fverenin belirledi\u011fi i\u015f saatlerine g\u00f6re de\u011fi\u015fiklik g\u00f6sterebilir.<\/p>\n\n\n\n<p>\u0130\u015f g\u00fcn\u00fc hesaplan\u0131rken hafta sonlar\u0131 ve resmi tatiller genellikle \u00e7al\u0131\u015fma g\u00fcnlerinden say\u0131lmayabilir. Fakat baz\u0131 sekt\u00f6rlerde, \u00f6zellikle hizmet alan\u0131nda, hafta sonlar\u0131 da i\u015f g\u00fcn\u00fc olarak kabul edilir. Bu g\u00fcnlerde \u00e7al\u0131\u015fanlar i\u00e7in ekstra \u00fccret \u00f6demesi ger\u00e7ekle\u015ftirilebilir. \u0130\u015f g\u00fcn\u00fc hesaplamas\u0131nda bir di\u011fer \u00f6nemli nokta da izin g\u00fcnleridir. \u00c7al\u0131\u015fanlar\u0131n y\u0131ll\u0131k, hastal\u0131k veya di\u011fer \u00f6zel izinleri i\u015f g\u00fcn\u00fc olarak adland\u0131r\u0131lmaz.&nbsp;<\/p>\n\n\n\n<p><strong>\u0130\u015f g\u00fcn\u00fc say\u0131s\u0131 hesaplama<\/strong>, i\u015fverenler i\u00e7in de \u00f6nemlidir \u00e7\u00fcnk\u00fc maliyet kontrol\u00fcn\u00fc sa\u011flar. Firmalar, bu basit matematik sayesinde \u00e7al\u0131\u015fanlar\u0131n ne kadar \u00e7al\u0131\u015ft\u0131\u011f\u0131n\u0131, fazla mesai durumlar\u0131n\u0131 ve bu \u00e7al\u0131\u015fmalar\u0131n maliyetini do\u011fru bir \u015fekilde belirler. T\u00fcm bunlar\u0131n yan\u0131 s\u0131ra \u00e7al\u0131\u015fma d\u00fczenini ve verimlili\u011fi takip etmek ad\u0131na da son derece \u00f6nemlidir. <strong>Tarihler aras\u0131 i\u015f g\u00fcn\u00fc hesaplama<\/strong> i\u015flemi yaparak istenen sonucun elde edilmesi m\u00fcmk\u00fcnd\u00fcr.<\/p>\n\n\n\n<h2 class=\"wp-block-heading\">Bir y\u0131lda ka\u00e7 i\u015f g\u00fcn\u00fc vard\u0131r?<\/h2>\n\n\n\n<p>Bir y\u0131lda ka\u00e7 i\u015f g\u00fcn\u00fc vard\u0131r sorusuna\u00e7al\u0131\u015fma hayat\u0131nda s\u0131kl\u0131kla kar\u015f\u0131la\u015f\u0131l\u0131r. \u0130\u015f g\u00fcn\u00fc say\u0131s\u0131, \u00e7al\u0131\u015fanlar\u0131n y\u0131ll\u0131k izin planlamalar\u0131nda, maa\u015f hesaplamalar\u0131nda ve \u00e7al\u0131\u015fan g\u00fcc\u00fc planlamalar\u0131nda b\u00fcy\u00fck \u00f6nem ta\u015f\u0131r. Bu nedenle, i\u015f g\u00fcn\u00fc say\u0131s\u0131n\u0131n do\u011fru bir \u015fekilde hesaplanmas\u0131 son derece \u00f6nemlidir.<\/p>\n\n\n\n<p>Bir y\u0131l, 365 g\u00fcnd\u00fcr. \u0130\u015f g\u00fcnlerini hesaplarken hafta sonlar\u0131 ve resmi tatiller dikkate al\u0131n\u0131r. T\u00fcrkiye&#8217;de hafta sonlar\u0131 cumartesi ve pazar g\u00fcnleridir. Bu iki g\u00fcn, i\u015f g\u00fcn\u00fc olarak say\u0131lmaz. Bir y\u0131l i\u00e7inde toplam 52 hafta bulunur. Her hafta iki g\u00fcn hafta sonu oldu\u011funa g\u00f6re, bir y\u0131lda 52 hafta sonu g\u00fcn\u00fc bulunur. Bu, y\u0131lda 104 g\u00fcn\u00fcn hafta sonu oldu\u011fu anlam\u0131na gelir.<\/p>\n\n\n\n<p>365 g\u00fcnden hafta sonu olan 104 g\u00fcn\u00fc \u00e7\u0131kar\u0131rsak, geriye 261 g\u00fcn kal\u0131r. Ancak i\u015f g\u00fcnlerini hesaplarken resmi tatilleri de dikkate almak gerekir. T\u00fcrkiye&#8217;de resmi tatiller, \u00e7al\u0131\u015fanlar\u0131n yasal olarak izinli oldu\u011fu g\u00fcnlerdir ve i\u015f g\u00fcn\u00fc olarak say\u0131lmaz. T\u00fcrkiye&#8217;de y\u0131ll\u0131k resmi tatillerin toplam s\u00fcresi genellikle 15-16 g\u00fcn civar\u0131ndad\u0131r. Bu tatil g\u00fcnlerini de hesaba katarsak, 261 g\u00fcnden 15 g\u00fcn\u00fc \u00e7\u0131kar\u0131r\u0131z ve geriye yakla\u015f\u0131k 246 i\u015f g\u00fcn\u00fc kal\u0131r.<\/p>\n\n\n\n<p>Resmi tatiller, bayramlar ve \u00f6zel g\u00fcnler, i\u015f g\u00fcn\u00fc say\u0131s\u0131nda de\u011fi\u015fikli\u011fe neden olabilir. Baz\u0131 y\u0131llarda resmi tatiller hafta sonuna denk gelebilir. Bu durumda i\u015f g\u00fcn\u00fc say\u0131s\u0131 de\u011fi\u015fmez.<\/p>\n\n\n\n<h2 class=\"wp-block-heading\">\u0130ki tarih aras\u0131 i\u015f g\u00fcn\u00fc nas\u0131l hesaplan\u0131r?<\/h2>\n\n\n\n<p><strong>\u0130ki tarih aras\u0131 i\u015f g\u00fcn\u00fc hesaplama<\/strong>, i\u015f d\u00fcnyas\u0131nda b\u00fcy\u00fck bir \u00f6nem ta\u015f\u0131r ve bir\u00e7ok nedenle kritik bir rol oynar. \u00c7al\u0131\u015fma g\u00fcnleri ve saatleri do\u011fru hesapland\u0131\u011f\u0131nda, al\u0131nan maa\u015f da adil olur. Bu durum, hem \u00e7al\u0131\u015fan hem de i\u015fveren i\u00e7in i\u015f bar\u0131\u015f\u0131n\u0131 ve memnuniyeti art\u0131r\u0131r. \u0130\u015f g\u00fcn\u00fc hesaplamas\u0131, i\u015fveren haklar\u0131n\u0131n korunmas\u0131 a\u00e7\u0131s\u0131ndan da \u00f6nemlidir. \u0130\u015f Kanunu\u2019na g\u00f6re, \u00e7al\u0131\u015fanlar belirli bir s\u00fcre \u00e7al\u0131\u015ft\u0131klar\u0131nda belirli haklara sahiptir ve bu haklar\u0131n do\u011fru bir \u015fekilde sa\u011flanabilmesi i\u00e7in do\u011fru bir hesap yap\u0131lmas\u0131 gerekir. Bireylerin herhangi bir haks\u0131zl\u0131kla kar\u015f\u0131la\u015fmamalar\u0131 ad\u0131na <strong>30 i\u015f g\u00fcn\u00fc nas\u0131l hesaplan\u0131r<\/strong>\u0131 ara\u015ft\u0131rmalar\u0131 ve bu do\u011frultuda kendi raporlar\u0131n\u0131 tutmalar\u0131 gerekir.<\/p>\n\n\n\n<p>\u0130\u015f g\u00fcn\u00fc hesaplarken resmi tatiller ve hafta sonlar\u0131 g\u00f6z \u00f6n\u00fcnde bulundurulur. \u00c7o\u011fu i\u015fyerinde hafta sonlar\u0131 ve resmi tatiller i\u015f g\u00fcn\u00fc olarak say\u0131lmaz, ancak baz\u0131 sekt\u00f6rlerde bu g\u00fcnlerde \u00e7al\u0131\u015fmak zorunlu olabilir. Bu durumda, i\u015f\u00e7inin \u00e7al\u0131\u015ft\u0131\u011f\u0131 g\u00fcnler ve saatler ekstra \u00fccretlendirilir. Resmi tatillerde \u00e7al\u0131\u015fmak zorunda kalan i\u015f\u00e7iler, bu g\u00fcnlerde \u00e7al\u0131\u015ft\u0131klar\u0131 s\u00fcreler i\u00e7in ekstra \u00fccret al\u0131r ve bu g\u00fcnler i\u015f g\u00fcn\u00fc hesaplamas\u0131nda dikkate al\u0131n\u0131r.<\/p>\n\n\n\n<p>\u0130\u015f g\u00fcn\u00fc hesaplarken dikkat edilmesi gereken bir di\u011fer nokta, i\u015f\u00e7inin vardiyal\u0131 \u00e7al\u0131\u015fma d\u00fczenidir. Vardiyal\u0131 \u00e7al\u0131\u015fanlar, belirli d\u00f6nemlerde gece veya g\u00fcnd\u00fcz \u00e7al\u0131\u015f\u0131r ve bu durumda i\u015f g\u00fcn\u00fc say\u0131s\u0131 vardiyalara g\u00f6re de\u011fi\u015febilir. Vardiyal\u0131 \u00e7al\u0131\u015fma d\u00fczeninde<strong> 30 i\u015f g\u00fcn\u00fc hesaplama<\/strong>s\u0131 daha karma\u015f\u0131k olabilir ve bu durum, i\u015f\u00e7inin \u00e7al\u0131\u015fma saatlerinin dikkatlice takip edilmesini gerektirir. <strong>Resmi i\u015f g\u00fcn\u00fc hesaplamalar\u0131<\/strong>nda bu detaya da dikkat edilir.<\/p>\n\n\n\n<h2 class=\"wp-block-heading\">Resmi tatiller nelerdir?<\/h2>\n\n\n\n<p>T\u00fcrkiye&#8217;de en \u00f6nemli resmi tatillerden biri 1 Ocak Yeni Y\u0131l tatilidir. Her y\u0131l\u0131n ilk g\u00fcn\u00fc olan 1 Ocak, t\u00fcm yurtta resmi tatil olarak kabul edilir ve insanlar bu g\u00fcn\u00fc kutlama ve dinlenme ile ge\u00e7irir.<\/p>\n\n\n\n<p>Dini bayramlar aras\u0131nda en bilinenleri Ramazan Bayram\u0131 ve Kurban Bayram\u0131d\u0131r. Ramazan Bayram\u0131, Ramazan ay\u0131n\u0131n sona ermesiyle ba\u015flar ve \u00fc\u00e7 g\u00fcn s\u00fcrer. M\u00fcsl\u00fcmanlar bu bayramda oru\u00e7lar\u0131n\u0131 tamamlam\u0131\u015f olman\u0131n sevincini ya\u015far ve aileleriyle bayramla\u015f\u0131r. Kurban Bayram\u0131 ise \u0130slam inanc\u0131nda Hz. \u0130brahim&#8217;in o\u011flunu kurban etme hik\u00e2yesine dayan\u0131r ve d\u00f6rt g\u00fcn s\u00fcrer. Bu bayramda kurban kesme ibadeti yerine getirilir ve etler ihtiya\u00e7 sahipleriyle payla\u015f\u0131l\u0131r.<\/p>\n\n\n\n<p>Milli bayramlar aras\u0131nda en \u00f6nemlisi 23 Nisan Ulusal Egemenlik ve \u00c7ocuk Bayram\u0131d\u0131r. Bu bayram, T\u00fcrkiye B\u00fcy\u00fck Millet Meclisi&#8217;nin a\u00e7\u0131l\u0131\u015f\u0131n\u0131 ve \u00e7ocuklar\u0131n \u00f6nemini kutlar. 19 May\u0131s Atat\u00fcrk&#8217;\u00fc Anma, Gen\u00e7lik ve Spor Bayram\u0131, Mustafa Kemal Atat\u00fcrk&#8217;\u00fcn Samsun&#8217;a \u00e7\u0131k\u0131\u015f\u0131n\u0131 ve Kurtulu\u015f Sava\u015f\u0131&#8217;n\u0131n ba\u015flang\u0131c\u0131n\u0131 anma g\u00fcn\u00fcd\u00fcr. 30 A\u011fustos Zafer Bayram\u0131, T\u00fcrk ordusunun B\u00fcy\u00fck Taarruz zaferini kutlar. 29 Ekim Cumhuriyet Bayram\u0131 ise T\u00fcrkiye Cumhuriyeti&#8217;nin ilan\u0131n\u0131 kutlar ve en uzun milli bayramlardan biridir.<\/p>\n\n\n\n<p>T\u00fcrkiye&#8217;de dini tatiller aras\u0131nda yer alan Kandil Geceleri de \u00f6nem ta\u015f\u0131r. Regaip Kandili, Mira\u00e7 Kandili, Berat Kandili ve Mevlid Kandili, \u0130slam d\u00fcnyas\u0131nda \u00f6zel dualar\u0131n ve ibadetlerin yap\u0131ld\u0131\u011f\u0131 gecelerdir. Bu geceler, resmi tatil olmasa da manevi olarak b\u00fcy\u00fck \u00f6neme sahiptir.<\/p>\n\n\n\n<p>15 Temmuz Demokrasi ve Milli Birlik G\u00fcn\u00fc, 2016 y\u0131l\u0131nda ger\u00e7ekle\u015fen darbe giri\u015fiminin ard\u0131ndan demokrasi ve milli iradeyi savunanlar\u0131 anma g\u00fcn\u00fc olarak ilan edilir ve resmi tatil olarak kutlan\u0131r.<\/p>\n\n\n\n<h2 class=\"wp-block-heading\">Cumartesi i\u015f g\u00fcn\u00fc say\u0131l\u0131r m\u0131?<\/h2>\n\n\n\n<p>Cumartesi i\u015f g\u00fcn\u00fc say\u0131l\u0131r m\u0131 sorusuna cevap arayanlar i\u00e7in bu konu hakk\u0131nda detayl\u0131 bilgi vermek gerekir. T\u00fcrkiye&#8217;de i\u015f kanunlar\u0131 ve \u00e7al\u0131\u015fma hayat\u0131 ile ilgili d\u00fczenlemeler, i\u015f g\u00fcnlerinin belirlenmesinde b\u00fcy\u00fck rol oynar. Genel olarak, cumartesi i\u015f g\u00fcn\u00fc olarak kabul edilir ve bu durum bir\u00e7ok i\u015f yerinde uygulan\u0131r.<\/p>\n\n\n\n<p>\u0130\u015f Kanunu&#8217;na g\u00f6re, \u00e7al\u0131\u015fma s\u00fcresi haftada en fazla 45 saattir. Bu s\u00fcre, genellikle haftan\u0131n alt\u0131 i\u015f g\u00fcn\u00fcne b\u00f6l\u00fcn\u00fcr ve her g\u00fcn 7,5 saatlik \u00e7al\u0131\u015fma s\u00fcresi olarak d\u00fczenlenir. Dolay\u0131s\u0131yla, cumartesi de bu i\u015f g\u00fcnlerinden biri olarak kabul edilir. \u0130\u015fverenler, cumartesi g\u00fcn\u00fc \u00e7al\u0131\u015fanlar\u0131n\u0131 \u00e7al\u0131\u015ft\u0131rarak bu yasal d\u00fczenlemeye uygun hareket ederler.<\/p>\n\n\n\n<p><strong>\u00c7al\u0131\u015fma i\u015f g\u00fcn\u00fc hesaplama<\/strong>lar\u0131nda cumartesi i\u015f g\u00fcn\u00fc olarak say\u0131l\u0131r ve bir\u00e7ok i\u015f yeri bug\u00fcn de \u00e7al\u0131\u015f\u0131r. \u00d6zellikle perakende sekt\u00f6r\u00fc, hizmet sekt\u00f6r\u00fc ve baz\u0131 \u00fcretim sekt\u00f6rlerinde cumartesi g\u00fcn\u00fc yo\u011fun i\u015f g\u00fcnlerinden biridir. \u00c7al\u0131\u015fanlar, haftal\u0131k \u00e7al\u0131\u015fma saatlerini tamamlamak i\u00e7in cumartesi g\u00fcn\u00fc de mesai yaparlar. Bu durum, i\u015f yerlerinin ihtiya\u00e7lar\u0131na ve sekt\u00f6r\u00fcn gerekliliklerine ba\u011fl\u0131 olarak de\u011fi\u015fiklik g\u00f6sterebilir.<\/p>\n<!-- templates\/buttons-placeholder.php -->\n<div class=\"da-reactions-outer TpostID2437\">\n\t    <div class=\"da-reactions-data da-reactions-container-async center\"\n         data-type=\"post\"\n         data-id=\"2437\"\n         id=\"da-reactions-slot-post-2437\">\n        <div class=\"da-reactions-static\">\n\t\t\t<img src=\"https:\/\/isinolsun.com\/blog\/wp-content\/plugins\/da-reactions\/assets\/dist\/loading.svg\" alt=\"Loading spinner\" width=\"48\" height=\"48\" style=\"width:48px\" \/>\n        <\/div>\n    <\/div>\n<\/div>\n","protected":false},"excerpt":{"rendered":"<p>Meslek hayat\u0131na at\u0131lmadan \u00f6nce baz\u0131 yan haklar hakk\u0131nda bilgi sahibi olmak gerekir. Bu yan haklar ve prosed\u00fcrler profesyonel bir kariyere sahip olmak ad\u0131na \u00f6nemlidir. \u00c7al\u0131\u015fma haklar\u0131ndan SGK i\u015f g\u00fcn\u00fc nas\u0131l hesaplan\u0131r konusuna kadar kadar merak etti\u011fin t\u00fcm detaylar \u0130\u015fin Olsun\u2019da! \u0130\u015f g\u00fcn\u00fc, bir \u00e7al\u0131\u015fan\u0131n mesaiye gitmesi gereken ve \u00e7al\u0131\u015ft\u0131\u011f\u0131 s\u00fcrenin resmi olarak say\u0131ld\u0131\u011f\u0131 g\u00fcnleri ifade [&hellip;]<\/p>\n<!-- templates\/buttons-placeholder.php -->\n<div class=\"da-reactions-outer TpostID2437\">\n\t    <div class=\"da-reactions-data da-reactions-container-async center\"\n         data-type=\"post\"\n         data-id=\"2437\"\n         id=\"da-reactions-slot-post-2437\">\n        <div class=\"da-reactions-static\">\n\t\t\t<img src=\"https:\/\/isinolsun.com\/blog\/wp-content\/plugins\/da-reactions\/assets\/dist\/loading.svg\" alt=\"Loading spinner\" width=\"48\" height=\"48\" style=\"width:48px\" \/>\n        <\/div>\n    <\/div>\n<\/div>\n","protected":false},"author":4,"featured_media":2438,"comment_status":"closed","ping_status":"open","sticky":false,"template":"","format":"standard","meta":{"footnotes":""},"categories":[190],"tags":[],"class_list":{"0":"post-2437","1":"post","2":"type-post","3":"status-publish","4":"format-standard","5":"has-post-thumbnail","7":"category-isveren-rehberi"},"yoast_head":"<!-- This site is optimized with the Yoast SEO plugin v26.8 - https:\/\/yoast.com\/product\/yoast-seo-wordpress\/ -->\n<title>\u0130\u015f g\u00fcn\u00fc nas\u0131l hesaplan\u0131r?<\/title>\n<meta name=\"description\" content=\"Resmi i\u015f g\u00fcn\u00fc nas\u0131l hesaplan\u0131r? Resmi tatiller, hafta sonlar\u0131 i\u015f g\u00fcn\u00fcnden say\u0131l\u0131r m\u0131? \u0130\u015f g\u00fcn\u00fcne dair merak ettikleriniz \u0130\u015fin Olsun Blog&#039;ta!\" \/>\n<meta name=\"robots\" content=\"index, follow, max-snippet:-1, max-image-preview:large, max-video-preview:-1\" \/>\n<link rel=\"canonical\" href=\"https:\/\/isinolsun.com\/blog\/is-gunu-nasil-hesaplanir\/\" \/>\n<meta property=\"og:locale\" content=\"tr_TR\" \/>\n<meta property=\"og:type\" content=\"article\" \/>\n<meta property=\"og:title\" content=\"\u0130\u015f g\u00fcn\u00fc nas\u0131l hesaplan\u0131r?\" \/>\n<meta property=\"og:description\" content=\"Resmi i\u015f g\u00fcn\u00fc nas\u0131l hesaplan\u0131r? Resmi tatiller, hafta sonlar\u0131 i\u015f g\u00fcn\u00fcnden say\u0131l\u0131r m\u0131? \u0130\u015f g\u00fcn\u00fcne dair merak ettikleriniz \u0130\u015fin Olsun Blog&#039;ta!\" \/>\n<meta property=\"og:url\" content=\"https:\/\/isinolsun.com\/blog\/is-gunu-nasil-hesaplanir\/\" \/>\n<meta property=\"og:site_name\" content=\"\u0130\u015fin Olsun | Blog\" \/>\n<meta property=\"article:published_time\" content=\"2024-07-23T06:00:28+00:00\" \/>\n<meta property=\"article:modified_time\" content=\"2024-07-23T08:51:01+00:00\" \/>\n<meta property=\"og:image\" content=\"https:\/\/isinolsun.com\/blog\/wp-content\/uploads\/2024\/07\/is-gunu-nasil-hesaplanir.jpg\" \/>\n\t<meta property=\"og:image:width\" content=\"901\" \/>\n\t<meta property=\"og:image:height\" content=\"603\" \/>\n\t<meta property=\"og:image:type\" content=\"image\/jpeg\" \/>\n<meta name=\"author\" content=\"\u0130\u015fin Olsun\" \/>\n<meta name=\"twitter:card\" content=\"summary_large_image\" \/>\n<meta name=\"twitter:label1\" content=\"Yazan:\" \/>\n\t<meta name=\"twitter:data1\" content=\"\u0130\u015fin Olsun\" \/>\n\t<meta name=\"twitter:label2\" content=\"Tahmini okuma s\u00fcresi\" \/>\n\t<meta name=\"twitter:data2\" content=\"7 dakika\" \/>\n<script type=\"application\/ld+json\" class=\"yoast-schema-graph\">{\"@context\":\"https:\/\/schema.org\",\"@graph\":[{\"@type\":\"Article\",\"@id\":\"https:\/\/isinolsun.com\/blog\/is-gunu-nasil-hesaplanir\/#article\",\"isPartOf\":{\"@id\":\"https:\/\/isinolsun.com\/blog\/is-gunu-nasil-hesaplanir\/\"},\"author\":{\"name\":\"\u0130\u015fin Olsun\",\"@id\":\"https:\/\/isinolsun.com\/blog\/#\/schema\/person\/606f5f96303475d659c6a6db7b333179\"},\"headline\":\"\u0130\u015f g\u00fcn\u00fc nas\u0131l hesaplan\u0131r?\",\"datePublished\":\"2024-07-23T06:00:28+00:00\",\"dateModified\":\"2024-07-23T08:51:01+00:00\",\"mainEntityOfPage\":{\"@id\":\"https:\/\/isinolsun.com\/blog\/is-gunu-nasil-hesaplanir\/\"},\"wordCount\":1463,\"image\":{\"@id\":\"https:\/\/isinolsun.com\/blog\/is-gunu-nasil-hesaplanir\/#primaryimage\"},\"thumbnailUrl\":\"https:\/\/isinolsun.com\/blog\/wp-content\/uploads\/2024\/07\/is-gunu-nasil-hesaplanir.jpg\",\"articleSection\":[\"\u0130\u015fveren Rehberi\"],\"inLanguage\":\"tr\"},{\"@type\":\"WebPage\",\"@id\":\"https:\/\/isinolsun.com\/blog\/is-gunu-nasil-hesaplanir\/\",\"url\":\"https:\/\/isinolsun.com\/blog\/is-gunu-nasil-hesaplanir\/\",\"name\":\"\u0130\u015f g\u00fcn\u00fc nas\u0131l hesaplan\u0131r?\",\"isPartOf\":{\"@id\":\"https:\/\/isinolsun.com\/blog\/#website\"},\"primaryImageOfPage\":{\"@id\":\"https:\/\/isinolsun.com\/blog\/is-gunu-nasil-hesaplanir\/#primaryimage\"},\"image\":{\"@id\":\"https:\/\/isinolsun.com\/blog\/is-gunu-nasil-hesaplanir\/#primaryimage\"},\"thumbnailUrl\":\"https:\/\/isinolsun.com\/blog\/wp-content\/uploads\/2024\/07\/is-gunu-nasil-hesaplanir.jpg\",\"dateModified\":\"2024-07-23T08:51:01+00:00\",\"author\":{\"@id\":\"https:\/\/isinolsun.com\/blog\/#\/schema\/person\/606f5f96303475d659c6a6db7b333179\"},\"description\":\"Resmi i\u015f g\u00fcn\u00fc nas\u0131l hesaplan\u0131r? Resmi tatiller, hafta sonlar\u0131 i\u015f g\u00fcn\u00fcnden say\u0131l\u0131r m\u0131? \u0130\u015f g\u00fcn\u00fcne dair merak ettikleriniz \u0130\u015fin Olsun Blog'ta!\",\"breadcrumb\":{\"@id\":\"https:\/\/isinolsun.com\/blog\/is-gunu-nasil-hesaplanir\/#breadcrumb\"},\"inLanguage\":\"tr\",\"potentialAction\":[{\"@type\":\"ReadAction\",\"target\":[\"https:\/\/isinolsun.com\/blog\/is-gunu-nasil-hesaplanir\/\"]}]},{\"@type\":\"ImageObject\",\"inLanguage\":\"tr\",\"@id\":\"https:\/\/isinolsun.com\/blog\/is-gunu-nasil-hesaplanir\/#primaryimage\",\"url\":\"https:\/\/isinolsun.com\/blog\/wp-content\/uploads\/2024\/07\/is-gunu-nasil-hesaplanir.jpg\",\"contentUrl\":\"https:\/\/isinolsun.com\/blog\/wp-content\/uploads\/2024\/07\/is-gunu-nasil-hesaplanir.jpg\",\"width\":901,\"height\":603},{\"@type\":\"BreadcrumbList\",\"@id\":\"https:\/\/isinolsun.com\/blog\/is-gunu-nasil-hesaplanir\/#breadcrumb\",\"itemListElement\":[{\"@type\":\"ListItem\",\"position\":1,\"name\":\"Anasayfa\",\"item\":\"https:\/\/isinolsun.com\/blog\/\"},{\"@type\":\"ListItem\",\"position\":2,\"name\":\"\u0130\u015f g\u00fcn\u00fc nas\u0131l hesaplan\u0131r?\"}]},{\"@type\":\"WebSite\",\"@id\":\"https:\/\/isinolsun.com\/blog\/#website\",\"url\":\"https:\/\/isinolsun.com\/blog\/\",\"name\":\"\u0130\u015fin Olsun | Blog\",\"description\":\"\",\"potentialAction\":[{\"@type\":\"SearchAction\",\"target\":{\"@type\":\"EntryPoint\",\"urlTemplate\":\"https:\/\/isinolsun.com\/blog\/?s={search_term_string}\"},\"query-input\":{\"@type\":\"PropertyValueSpecification\",\"valueRequired\":true,\"valueName\":\"search_term_string\"}}],\"inLanguage\":\"tr\"},{\"@type\":\"Person\",\"@id\":\"https:\/\/isinolsun.com\/blog\/#\/schema\/person\/606f5f96303475d659c6a6db7b333179\",\"name\":\"\u0130\u015fin Olsun\",\"image\":{\"@type\":\"ImageObject\",\"inLanguage\":\"tr\",\"@id\":\"https:\/\/isinolsun.com\/blog\/#\/schema\/person\/image\/\",\"url\":\"https:\/\/secure.gravatar.com\/avatar\/5f63bec55ceb4372c3a37b8d3749145726d83d89afd5df1d133f8345322f1e19?s=96&d=mm&r=g\",\"contentUrl\":\"https:\/\/secure.gravatar.com\/avatar\/5f63bec55ceb4372c3a37b8d3749145726d83d89afd5df1d133f8345322f1e19?s=96&d=mm&r=g\",\"caption\":\"\u0130\u015fin Olsun\"},\"sameAs\":[\"https:\/\/isinolsun.com\"],\"url\":\"https:\/\/isinolsun.com\/blog\/author\/isinolsun\/\"}]}<\/script>\n<!-- \/ Yoast SEO plugin. -->","yoast_head_json":{"title":"\u0130\u015f g\u00fcn\u00fc nas\u0131l hesaplan\u0131r?","description":"Resmi i\u015f g\u00fcn\u00fc nas\u0131l hesaplan\u0131r? Resmi tatiller, hafta sonlar\u0131 i\u015f g\u00fcn\u00fcnden say\u0131l\u0131r m\u0131? \u0130\u015f g\u00fcn\u00fcne dair merak ettikleriniz \u0130\u015fin Olsun Blog'ta!","robots":{"index":"index","follow":"follow","max-snippet":"max-snippet:-1","max-image-preview":"max-image-preview:large","max-video-preview":"max-video-preview:-1"},"canonical":"https:\/\/isinolsun.com\/blog\/is-gunu-nasil-hesaplanir\/","og_locale":"tr_TR","og_type":"article","og_title":"\u0130\u015f g\u00fcn\u00fc nas\u0131l hesaplan\u0131r?","og_description":"Resmi i\u015f g\u00fcn\u00fc nas\u0131l hesaplan\u0131r? Resmi tatiller, hafta sonlar\u0131 i\u015f g\u00fcn\u00fcnden say\u0131l\u0131r m\u0131? \u0130\u015f g\u00fcn\u00fcne dair merak ettikleriniz \u0130\u015fin Olsun Blog'ta!","og_url":"https:\/\/isinolsun.com\/blog\/is-gunu-nasil-hesaplanir\/","og_site_name":"\u0130\u015fin Olsun | Blog","article_published_time":"2024-07-23T06:00:28+00:00","article_modified_time":"2024-07-23T08:51:01+00:00","og_image":[{"width":901,"height":603,"url":"https:\/\/isinolsun.com\/blog\/wp-content\/uploads\/2024\/07\/is-gunu-nasil-hesaplanir.jpg","type":"image\/jpeg"}],"author":"\u0130\u015fin Olsun","twitter_card":"summary_large_image","twitter_misc":{"Yazan:":"\u0130\u015fin Olsun","Tahmini okuma s\u00fcresi":"7 dakika"},"schema":{"@context":"https:\/\/schema.org","@graph":[{"@type":"Article","@id":"https:\/\/isinolsun.com\/blog\/is-gunu-nasil-hesaplanir\/#article","isPartOf":{"@id":"https:\/\/isinolsun.com\/blog\/is-gunu-nasil-hesaplanir\/"},"author":{"name":"\u0130\u015fin Olsun","@id":"https:\/\/isinolsun.com\/blog\/#\/schema\/person\/606f5f96303475d659c6a6db7b333179"},"headline":"\u0130\u015f g\u00fcn\u00fc nas\u0131l hesaplan\u0131r?","datePublished":"2024-07-23T06:00:28+00:00","dateModified":"2024-07-23T08:51:01+00:00","mainEntityOfPage":{"@id":"https:\/\/isinolsun.com\/blog\/is-gunu-nasil-hesaplanir\/"},"wordCount":1463,"image":{"@id":"https:\/\/isinolsun.com\/blog\/is-gunu-nasil-hesaplanir\/#primaryimage"},"thumbnailUrl":"https:\/\/isinolsun.com\/blog\/wp-content\/uploads\/2024\/07\/is-gunu-nasil-hesaplanir.jpg","articleSection":["\u0130\u015fveren Rehberi"],"inLanguage":"tr"},{"@type":"WebPage","@id":"https:\/\/isinolsun.com\/blog\/is-gunu-nasil-hesaplanir\/","url":"https:\/\/isinolsun.com\/blog\/is-gunu-nasil-hesaplanir\/","name":"\u0130\u015f g\u00fcn\u00fc nas\u0131l hesaplan\u0131r?","isPartOf":{"@id":"https:\/\/isinolsun.com\/blog\/#website"},"primaryImageOfPage":{"@id":"https:\/\/isinolsun.com\/blog\/is-gunu-nasil-hesaplanir\/#primaryimage"},"image":{"@id":"https:\/\/isinolsun.com\/blog\/is-gunu-nasil-hesaplanir\/#primaryimage"},"thumbnailUrl":"https:\/\/isinolsun.com\/blog\/wp-content\/uploads\/2024\/07\/is-gunu-nasil-hesaplanir.jpg","dateModified":"2024-07-23T08:51:01+00:00","author":{"@id":"https:\/\/isinolsun.com\/blog\/#\/schema\/person\/606f5f96303475d659c6a6db7b333179"},"description":"Resmi i\u015f g\u00fcn\u00fc nas\u0131l hesaplan\u0131r? Resmi tatiller, hafta sonlar\u0131 i\u015f g\u00fcn\u00fcnden say\u0131l\u0131r m\u0131? \u0130\u015f g\u00fcn\u00fcne dair merak ettikleriniz \u0130\u015fin Olsun Blog'ta!","breadcrumb":{"@id":"https:\/\/isinolsun.com\/blog\/is-gunu-nasil-hesaplanir\/#breadcrumb"},"inLanguage":"tr","potentialAction":[{"@type":"ReadAction","target":["https:\/\/isinolsun.com\/blog\/is-gunu-nasil-hesaplanir\/"]}]},{"@type":"ImageObject","inLanguage":"tr","@id":"https:\/\/isinolsun.com\/blog\/is-gunu-nasil-hesaplanir\/#primaryimage","url":"https:\/\/isinolsun.com\/blog\/wp-content\/uploads\/2024\/07\/is-gunu-nasil-hesaplanir.jpg","contentUrl":"https:\/\/isinolsun.com\/blog\/wp-content\/uploads\/2024\/07\/is-gunu-nasil-hesaplanir.jpg","width":901,"height":603},{"@type":"BreadcrumbList","@id":"https:\/\/isinolsun.com\/blog\/is-gunu-nasil-hesaplanir\/#breadcrumb","itemListElement":[{"@type":"ListItem","position":1,"name":"Anasayfa","item":"https:\/\/isinolsun.com\/blog\/"},{"@type":"ListItem","position":2,"name":"\u0130\u015f g\u00fcn\u00fc nas\u0131l hesaplan\u0131r?"}]},{"@type":"WebSite","@id":"https:\/\/isinolsun.com\/blog\/#website","url":"https:\/\/isinolsun.com\/blog\/","name":"\u0130\u015fin Olsun | Blog","description":"","potentialAction":[{"@type":"SearchAction","target":{"@type":"EntryPoint","urlTemplate":"https:\/\/isinolsun.com\/blog\/?s={search_term_string}"},"query-input":{"@type":"PropertyValueSpecification","valueRequired":true,"valueName":"search_term_string"}}],"inLanguage":"tr"},{"@type":"Person","@id":"https:\/\/isinolsun.com\/blog\/#\/schema\/person\/606f5f96303475d659c6a6db7b333179","name":"\u0130\u015fin Olsun","image":{"@type":"ImageObject","inLanguage":"tr","@id":"https:\/\/isinolsun.com\/blog\/#\/schema\/person\/image\/","url":"https:\/\/secure.gravatar.com\/avatar\/5f63bec55ceb4372c3a37b8d3749145726d83d89afd5df1d133f8345322f1e19?s=96&d=mm&r=g","contentUrl":"https:\/\/secure.gravatar.com\/avatar\/5f63bec55ceb4372c3a37b8d3749145726d83d89afd5df1d133f8345322f1e19?s=96&d=mm&r=g","caption":"\u0130\u015fin Olsun"},"sameAs":["https:\/\/isinolsun.com"],"url":"https:\/\/isinolsun.com\/blog\/author\/isinolsun\/"}]}},"_links":{"self":[{"href":"https:\/\/isinolsun.com\/blog\/wp-json\/wp\/v2\/posts\/2437","targetHints":{"allow":["GET"]}}],"collection":[{"href":"https:\/\/isinolsun.com\/blog\/wp-json\/wp\/v2\/posts"}],"about":[{"href":"https:\/\/isinolsun.com\/blog\/wp-json\/wp\/v2\/types\/post"}],"author":[{"embeddable":true,"href":"https:\/\/isinolsun.com\/blog\/wp-json\/wp\/v2\/users\/4"}],"replies":[{"embeddable":true,"href":"https:\/\/isinolsun.com\/blog\/wp-json\/wp\/v2\/comments?post=2437"}],"version-history":[{"count":2,"href":"https:\/\/isinolsun.com\/blog\/wp-json\/wp\/v2\/posts\/2437\/revisions"}],"predecessor-version":[{"id":2444,"href":"https:\/\/isinolsun.com\/blog\/wp-json\/wp\/v2\/posts\/2437\/revisions\/2444"}],"wp:featuredmedia":[{"embeddable":true,"href":"https:\/\/isinolsun.com\/blog\/wp-json\/wp\/v2\/media\/2438"}],"wp:attachment":[{"href":"https:\/\/isinolsun.com\/blog\/wp-json\/wp\/v2\/media?parent=2437"}],"wp:term":[{"taxonomy":"category","embeddable":true,"href":"https:\/\/isinolsun.com\/blog\/wp-json\/wp\/v2\/categories?post=2437"},{"taxonomy":"post_tag","embeddable":true,"href":"https:\/\/isinolsun.com\/blog\/wp-json\/wp\/v2\/tags?post=2437"}],"curies":[{"name":"wp","href":"https:\/\/api.w.org\/{rel}","templated":true}]}}